{"id":7537,"date":"2019-09-12T18:01:09","date_gmt":"2019-09-12T21:01:09","guid":{"rendered":"https:\/\/hostnetart.com.br\/baixada\/itau-vai-antecipar-o-pagamento-da-13-cesta-alimentacao-para-25-de-outubro\/"},"modified":"2019-09-12T18:01:09","modified_gmt":"2019-09-12T21:01:09","slug":"itau-vai-antecipar-o-pagamento-da-13-cesta-alimentacao-para-25-de-outubro","status":"publish","type":"post","link":"https:\/\/hostnetart.com.br\/baixada\/itau-vai-antecipar-o-pagamento-da-13-cesta-alimentacao-para-25-de-outubro\/","title":{"rendered":"Ita\u00fa vai antecipar o pagamento da 13\u00aa cesta alimenta\u00e7\u00e3o para 25 de outubro"},"content":{"rendered":"<p>Depois da cobran\u00e7a da Confedera\u00e7\u00e3o Nacional dos Trabalhadores do Ramo Financeiro (Contraf-CUT), o Ita\u00fa vai antecipar o pagamento da 13\u00aa cesta alimenta\u00e7\u00e3o para 25 de outubro. Pela Conven\u00e7\u00e3o Coletiva de Trabalho (CCT) da categoria, os bancos t\u00eam at\u00e9 o dia 31 de novembro para realizar o cr\u00e9dito.<\/p>\n<p>A 13\u00aa cesta alimenta\u00e7\u00e3o \u00e9 uma conquista da Campanha Nacional dos Banc\u00e1rios de 2015. Corresponde a mais um valor ao ano de vale-alimenta\u00e7\u00e3o. Este ano, o VA dos banc\u00e1rios foi reajustado retroativamente a 1\u00ba de setembro de 2019 (data base da categoria), em 4,31%, que corresponde \u00e0 reposi\u00e7\u00e3o da infla\u00e7\u00e3o mais 1% de aumento real, conquistado no acordo de dois anos fechado na Campanha de 2018. Portanto, o vale-alimenta\u00e7\u00e3o e a 13\u00aa cesta alimenta\u00e7\u00e3o passaram de R$ 609,88 para R$ 636,17.<\/p>\n<p>\u201cCom a CCT v\u00e1lida por dois anos conseguimos manter nossos direitos em um cen\u00e1rio de amea\u00e7as e retrocessos como a reforma trabalhista, e ainda garantir o reajuste de 1% dos banc\u00e1rios para este ano, que incide sobre sal\u00e1rios, PLR e verbas como VA e VR\u201d, lembrou Jair Alves, coordenador da Comiss\u00e3o de Organiza\u00e7\u00e3o dos Empregados (COE) do Ita\u00fa.<\/p>\n<p><strong>Fonte: Contraf-CUT<\/strong><\/p>\n","protected":false},"excerpt":{"rendered":"<p>Depois da cobran\u00e7a da Confedera\u00e7\u00e3o Nacional dos Trabalhadores do Ramo Financeiro (Contraf-CUT), o Ita\u00fa vai antecipar o pagamento da 13\u00aa cesta alimenta\u00e7\u00e3o para 25 de outubro. Pela Conven\u00e7\u00e3o Coletiva de Trabalho (CCT) da categoria, os bancos t\u00eam at\u00e9 o dia 31 de novembro para realizar o cr\u00e9dito. A 13\u00aa cesta alimenta\u00e7\u00e3o \u00e9 uma conquista da [&hellip;]<\/p>\n","protected":false},"author":2,"featured_media":7536,"comment_status":"","ping_status":"","sticky":false,"template":"","format":"standard","meta":{"footnotes":""},"categories":[3],"tags":[],"class_list":["post-7537","post","type-post","status-publish","format-standard","has-post-thumbnail","hentry","category-noticias"],"_links":{"self":[{"href":"https:\/\/hostnetart.com.br\/baixada\/wp-json\/wp\/v2\/posts\/7537","targetHints":{"allow":["GET"]}}],"collection":[{"href":"https:\/\/hostnetart.com.br\/baixada\/wp-json\/wp\/v2\/posts"}],"about":[{"href":"https:\/\/hostnetart.com.br\/baixada\/wp-json\/wp\/v2\/types\/post"}],"author":[{"embeddable":true,"href":"https:\/\/hostnetart.com.br\/baixada\/wp-json\/wp\/v2\/users\/2"}],"replies":[{"embeddable":true,"href":"https:\/\/hostnetart.com.br\/baixada\/wp-json\/wp\/v2\/comments?post=7537"}],"version-history":[{"count":0,"href":"https:\/\/hostnetart.com.br\/baixada\/wp-json\/wp\/v2\/posts\/7537\/revisions"}],"wp:featuredmedia":[{"embeddable":true,"href":"https:\/\/hostnetart.com.br\/baixada\/wp-json\/wp\/v2\/media\/7536"}],"wp:attachment":[{"href":"https:\/\/hostnetart.com.br\/baixada\/wp-json\/wp\/v2\/media?parent=7537"}],"wp:term":[{"taxonomy":"category","embeddable":true,"href":"https:\/\/hostnetart.com.br\/baixada\/wp-json\/wp\/v2\/categories?post=7537"},{"taxonomy":"post_tag","embeddable":true,"href":"https:\/\/hostnetart.com.br\/baixada\/wp-json\/wp\/v2\/tags?post=7537"}],"curies":[{"name":"wp","href":"https:\/\/api.w.org\/{rel}","templated":true}]}}