{"id":7535,"date":"2019-09-12T17:41:15","date_gmt":"2019-09-12T20:41:15","guid":{"rendered":"https:\/\/hostnetart.com.br\/baixada\/midia-e-parcial-na-defesa-da-reforma-da-previdencia-e-esconde-danos-aos-trabalhadores\/"},"modified":"2019-09-12T17:41:15","modified_gmt":"2019-09-12T20:41:15","slug":"midia-e-parcial-na-defesa-da-reforma-da-previdencia-e-esconde-danos-aos-trabalhadores","status":"publish","type":"post","link":"https:\/\/hostnetart.com.br\/baixada\/midia-e-parcial-na-defesa-da-reforma-da-previdencia-e-esconde-danos-aos-trabalhadores\/","title":{"rendered":"M\u00eddia \u00e9 parcial na defesa da reforma da Previd\u00eancia e esconde danos aos trabalhadores"},"content":{"rendered":"<p>Os ve\u00edculos da imprensa tradicional ofereceram apoio decisivo \u00e0 aprova\u00e7\u00e3o da\u00a0<a href=\"https:\/\/minhaaposentadoria.net.br\/\" target=\"_blank\" rel=\"noopener noreferrer\">\u201creforma\u201d da Previd\u00eancia<\/a>, que restringe o acesso dos trabalhadores \u00e0s aposentadorias. Principal medida econ\u00f4mica do governo Bolsonaro, a proposta est\u00e1 em tramita\u00e7\u00e3o no Senado.<\/p>\n<p>Estudo elaborado pelo Intervozes \u2013\u00a0Coletivo Brasil de Comunica\u00e7\u00e3o Social, a ser divulgado nesta quinta-feira (12), revela que os principais jornais impressos e televisivos do pa\u00eds utilizaram-se de seus editoriais e da escolha de especialistas para silenciar opini\u00f5es contr\u00e1rias. Assim, criaram artificialmente a impress\u00e3o de que haveria \u201cconsenso\u201d sobre a proposta.<\/p>\n<p>O Intervozes analisou as edi\u00e7\u00f5es impressas dos jornais\u00a0<em>Folha de S.Paulo<\/em>,\u00a0<em>O Estado de S. Paulo<\/em>\u00a0e<em>\u00a0O Globo<\/em>\u00a0publicadas no per\u00edodo de 1\u00ba de janeiro a 30 de junho de 2019. Nessas publica\u00e7\u00f5es, 64% dos especialistas posicionaram-se favoravelmente \u00e0 \u201creforma\u201d da Previd\u00eancia; 8,5% foram parcialmente contr\u00e1rios (mesmo \u00edndice daqueles cujo posicionamento n\u00e3o foi poss\u00edvel identificar) e 19% manifestaram-se contrariamente \u00e0 proposta. Os tr\u00eas maiores jornais impressos do pa\u00eds tamb\u00e9m deram, juntos, 267 editoriais majoritariamente favor\u00e1veis \u00e0 dita \u201creforma\u201d.<\/p>\n<p>Segundo o jornalista Rodolfo Vianna, um dos autores do estudo, os que apresentaram argumentos contr\u00e1rios focaram sobretudo na insatisfa\u00e7\u00e3o com aspectos jur\u00eddicos espec\u00edficos que poderiam ser identificados como inconstitucionais e na n\u00e3o inclus\u00e3o dos militares no projeto. Em entrevista aos jornalistas Marilu Caba\u00f1as e Glauco Faria, para o\u00a0<a href=\"https:\/\/www.youtube.com\/watch?v=tVwWL67OJYA&amp;t=2414s\" target=\"_blank\" rel=\"noopener noreferrer\"><em>Jornal Brasil Atual<\/em><\/a>\u00a0desta quinta-feira (12), Vianna diz que esse \u201cfalso consenso\u201d criado prejudica o debate junto \u00e0 opini\u00e3o p\u00fablica sobre um projeto que modifica a vida da maioria da popula\u00e7\u00e3o.<\/p>\n<p>Na TV a hegemonia da opini\u00e3o foi ainda maior. Foram analisadas\u00a0quatro semanas espec\u00edficas de edi\u00e7\u00f5es dos telejornais Jornal Nacional (<em>Rede Globo<\/em>), Jornal da Record (<em>Rede Record<\/em>) e SBT Brasil (<em>SBT<\/em>), relativas a datas importantes da tramita\u00e7\u00e3o do projeto no Congresso Nacional: quando a \u201creforma\u201d foi\u00a0<a href=\"https:\/\/www.redebrasilatual.com.br\/trabalho\/2019\/02\/reforma-da-previdencia-aumenta-idade-minima-e-cria-sistema-de-capitalizacao\/\" target=\"_blank\" rel=\"noopener noreferrer\">apresentada<\/a>\u00a0pelo presidente Jair Bolsonaro \u00e0 C\u00e2mara dos Deputados, as semanas subsequentes a vota\u00e7\u00e3o na\u00a0<a href=\"https:\/\/www.redebrasilatual.com.br\/politica\/2019\/04\/reforma-da-previdencia-e-aprovada-na-ccj-da-camara\/\" target=\"_blank\" rel=\"noopener noreferrer\">Comiss\u00e3o de Constitui\u00e7\u00e3o e Justi\u00e7a<\/a>\u00a0(CCJ), na\u00a0<a href=\"https:\/\/www.redebrasilatual.com.br\/politica\/2019\/07\/comissao-especial-aprova-relatorio-da-reforma-da-previdencia-que-agora-vai-a-plenario\/\" target=\"_blank\" rel=\"noopener noreferrer\">Comiss\u00e3o Especial<\/a>, e tamb\u00e9m a vota\u00e7\u00e3o em\u00a0<a href=\"https:\/\/www.redebrasilatual.com.br\/politica\/2019\/07\/camara-dos-deputados-aprova-reforma-da-previdencia-em-primeiro-turno\/\" target=\"_blank\" rel=\"noopener noreferrer\">primeiro turno<\/a>\u00a0pelos deputados.<\/p>\n<p>Vianna relata que na cobertura televisa tiveram maior destaque as fontes oficiais do governo. \u201cO que chama a aten\u00e7\u00e3o particularmente \u00e9 que n\u00e3o houve tantos especialistas ouvidos.\u00a0Foram somente dez especialistas ouvidos pelos tr\u00eas telejornais ao longo desses per\u00edodos, nove favor\u00e1veis ao projeto. Portanto, n\u00e3o havia nenhum tipo de contraponto com pessoas de fora do governo.\u201d<\/p>\n<p>O estudo tamb\u00e9m revela distor\u00e7\u00f5es de g\u00eanero na cobertura, com quase nenhum espa\u00e7o garantido \u00e0s mulheres. \u201cSaltou aos olhos a divis\u00e3o de g\u00eanero entre os especialistas. Tanto no impresso quanto nos telejornais, os n\u00fameros s\u00e3o aproximados. Nos jornais impressos, 88% eram homens. Nos jornais televisivos, 90% eram homens\u201d, destacou Vianna.<\/p>\n<p>O estudo constata o desrespeito \u00e0 premissa b\u00e1sica do jornalismo que aponta a necessidade de ouvir os dois ou mais lados envolvidos numa discuss\u00e3o, diz Vianna. Ele destaca, ainda, que o \u201cespecialista\u201d, tido como uma figura com conhecimento mais aprofundado sobre o tema, serviu para silenciar cr\u00edticas \u00e0 proposta. Ao discordar do especialista, o leitor e o espectador revelariam \u201cdesconhecimento\u201d sobre a proposta, j\u00e1 que todas as opini\u00f5es apontadas eram favor\u00e1veis. Ele alerta, contudo, que h\u00e1 \u201c<a href=\"https:\/\/www.redebrasilatual.com.br\/politica\/2019\/08\/reforma-da-previdencia-mentiras-em-livro-eduardo-fagnani\/\" target=\"_blank\" rel=\"noopener noreferrer\">bons economistas<\/a>\u201d com cr\u00edticas mais agudas ao projeto, que n\u00e3o foram ouvidos.<\/p>\n<p>A apresenta\u00e7\u00e3o online do estudo ser\u00e1 nesta quinta (12), \u00e0s 19h, no canal do Intervozes no Youtube. Al\u00e9m de Vianna, participam da conversa a jornalista Maria Martha, da\u00a0<a href=\"http:\/\/www.generonumero.media\/\" target=\"_blank\" rel=\"noopener noreferrer\">G\u00eanero e N\u00famero<\/a>, e o pesquisador Jo\u00e3o Feres, do\u00a0<a href=\"http:\/\/www.manchetometro.com.br\/\" target=\"_blank\" rel=\"noopener noreferrer\">Manchet\u00f4metro<\/a>\u00a0\u2013 o observat\u00f3rio dos meios de comunica\u00e7\u00e3o do Instituto de Estudos Sociais e Pol\u00edticos (Iesp) da Uerj.<\/p>\n<p><strong>Fonte: Rede Brasil Atual<\/strong><\/p>\n","protected":false},"excerpt":{"rendered":"<p>Os ve\u00edculos da imprensa tradicional ofereceram apoio decisivo \u00e0 aprova\u00e7\u00e3o da\u00a0\u201creforma\u201d da Previd\u00eancia, que restringe o acesso dos trabalhadores \u00e0s aposentadorias. Principal medida econ\u00f4mica do governo Bolsonaro, a proposta est\u00e1 em tramita\u00e7\u00e3o no Senado. Estudo elaborado pelo Intervozes \u2013\u00a0Coletivo Brasil de Comunica\u00e7\u00e3o Social, a ser divulgado nesta quinta-feira (12), revela que os principais jornais impressos [&hellip;]<\/p>\n","protected":false},"author":2,"featured_media":7534,"comment_status":"","ping_status":"","sticky":false,"template":"","format":"standard","meta":{"footnotes":""},"categories":[3],"tags":[],"class_list":["post-7535","post","type-post","status-publish","format-standard","has-post-thumbnail","hentry","category-noticias"],"_links":{"self":[{"href":"https:\/\/hostnetart.com.br\/baixada\/wp-json\/wp\/v2\/posts\/7535","targetHints":{"allow":["GET"]}}],"collection":[{"href":"https:\/\/hostnetart.com.br\/baixada\/wp-json\/wp\/v2\/posts"}],"about":[{"href":"https:\/\/hostnetart.com.br\/baixada\/wp-json\/wp\/v2\/types\/post"}],"author":[{"embeddable":true,"href":"https:\/\/hostnetart.com.br\/baixada\/wp-json\/wp\/v2\/users\/2"}],"replies":[{"embeddable":true,"href":"https:\/\/hostnetart.com.br\/baixada\/wp-json\/wp\/v2\/comments?post=7535"}],"version-history":[{"count":0,"href":"https:\/\/hostnetart.com.br\/baixada\/wp-json\/wp\/v2\/posts\/7535\/revisions"}],"wp:featuredmedia":[{"embeddable":true,"href":"https:\/\/hostnetart.com.br\/baixada\/wp-json\/wp\/v2\/media\/7534"}],"wp:attachment":[{"href":"https:\/\/hostnetart.com.br\/baixada\/wp-json\/wp\/v2\/media?parent=7535"}],"wp:term":[{"taxonomy":"category","embeddable":true,"href":"https:\/\/hostnetart.com.br\/baixada\/wp-json\/wp\/v2\/categories?post=7535"},{"taxonomy":"post_tag","embeddable":true,"href":"https:\/\/hostnetart.com.br\/baixada\/wp-json\/wp\/v2\/tags?post=7535"}],"curies":[{"name":"wp","href":"https:\/\/api.w.org\/{rel}","templated":true}]}}