{"id":7533,"date":"2019-09-12T17:34:52","date_gmt":"2019-09-12T20:34:52","guid":{"rendered":"https:\/\/hostnetart.com.br\/baixada\/brasil-registra-uma-mulher-agredida-a-cada-quatro-minutos-e-uma-morta-a-cada-oito-horas\/"},"modified":"2019-09-12T17:34:52","modified_gmt":"2019-09-12T20:34:52","slug":"brasil-registra-uma-mulher-agredida-a-cada-quatro-minutos-e-uma-morta-a-cada-oito-horas","status":"publish","type":"post","link":"https:\/\/hostnetart.com.br\/baixada\/brasil-registra-uma-mulher-agredida-a-cada-quatro-minutos-e-uma-morta-a-cada-oito-horas\/","title":{"rendered":"Brasil registra uma mulher agredida a cada quatro minutos e uma morta a cada oito horas"},"content":{"rendered":"<p>O Brasil registra, a cada quatro minutos,\u00a0 pelo menos um caso de agress\u00e3o cometida por homens contra mulheres. Levantamento do Minist\u00e9rio da Sa\u00fade, divulgado pelo<a href=\"https:\/\/www1.folha.uol.com.br\/cotidiano\/2019\/09\/brasil-registra-1-caso-de-agressao-a-mulher-a-cada-4-minutos-mostra-levantamento.shtml\" target=\"_blank\" rel=\"noopener noreferrer\">\u00a0jornal\u00a0<\/a><em>Folha de S. Paulo,\u00a0<\/em>aponta para um aumento expressivo de casos de viol\u00eancia f\u00edsica, psicol\u00f3gica e sexual registrados. Foram 145 mil casos denunciados nos \u00faltimos anos, ante pouco mais de 120 mil denunciados em 2014. O n\u00famero, no entanto, poderia ser ainda maior, considerando que esse tipo viol\u00eancia ainda \u00e9 subnotificada.<\/p>\n<p>S\u00f3 em S\u00e3o Paulo, ao todo 15.561 registros de\u00a0<a href=\"https:\/\/www.redebrasilatual.com.br\/cidadania\/2016\/09\/mulheres-negras-vitimas-de-violencia-denunciam-casos-a-oea-2920\/\" target=\"_blank\" rel=\"noopener noreferrer\">agress\u00f5es contra mulheres<\/a>\u00a0foram feitos entre janeiro e julho deste ano, a maioria em bairros da periferia da cidade. O bairro Cap\u00e3o Redondo, na zonal sul, \u00e9 o que apresenta o maior n\u00famero de casos de viol\u00eancia dom\u00e9stica, com 6%, seguido de Perus e Jardim Cidade Pirituba, na zona noroeste, que registram 5,4%. A Brasil\u00e2ndia, na zona norte, tamb\u00e9m figura no topo de den\u00fancias, registrando 4,6%. Em entrevista \u00e0 rep\u00f3rter Dayane Ponte, do\u00a0<em>Seu Jornal<\/em>, da\u00a0<strong>TVT<\/strong>, representantes de\u00a0<a href=\"https:\/\/www.redebrasilatual.com.br\/cidadania\/2019\/03\/ocupacao-tereza-de-benguela-do-mtst-acolhe-mulheres-na-periferia-de-sao-paulo\/\" target=\"_blank\" rel=\"noopener noreferrer\">movimentos de acolhimento a essas v\u00edtimas<\/a>\u00a0criticam a atua\u00e7\u00e3o do Estado, seja pela falta de amplia\u00e7\u00e3o de pol\u00edticas p\u00fablicas para a\u00a0<a href=\"https:\/\/www.redebrasilatual.com.br\/cidadania\/2017\/10\/ocupacao-promove-inauguracao-popular-da-casa-da-mulher-brasileira-em-sao-paulo\/\" target=\"_blank\" rel=\"noopener noreferrer\">prote\u00e7\u00e3o \u00e0 mulher<\/a>\u00a0ou a constante redu\u00e7\u00e3o do or\u00e7amento destinado \u00e0s pol\u00edticas em andamento, o que pode contribuir para aumentar ainda mais esses n\u00fameros de viol\u00eancia em um momento que tema ganha\u00a0<a href=\"https:\/\/www.redebrasilatual.com.br\/cidadania\/2019\/03\/estudo-revela-68-mil-casos-de-violencia-contra-a-mulher-noticiados-em-2018\/\" target=\"_blank\" rel=\"noopener noreferrer\">maior visibilidade na sociedade<\/a>.<\/p>\n<p>De acordo com a advogada e integrante da\u00a0Uni\u00e3o Popular de Mulheres de Campo Limpo e Adjac\u00eancias, \u00c9rica Bueno, \u00e9 preciso investir na cria\u00e7\u00e3o de espa\u00e7os de atendimento \u00e0s mulheres, aos agressores e \u00e0quela fam\u00edlia em conjunto que sejam v\u00edtimas da viol\u00eancia dom\u00e9stica. \u201cPol\u00edtica p\u00fablicas que auxiliem na preven\u00e7\u00e3o dessas ocorr\u00eancia, a educa\u00e7\u00e3o de g\u00eanero \u00e9 de suma import\u00e2ncia\u201d, destaca \u00c9rica.<\/p>\n<h3><strong>O cen\u00e1rio pelo Brasil\u00a0<\/strong><\/h3>\n<p>\u201cSempre que acontece uma vez, voc\u00ea acha que \u00e9 a \u00faltima vez. A\u00ed voc\u00ea conversa, a pessoa fala para voc\u00ea que n\u00e3o vai fazer de novo, daqui a pouco volta e faz tudo de novo\u201d, o relato de uma v\u00edtima que tenta se recuperar das dores da viol\u00eancia praticada\u00a0<a href=\"https:\/\/www.redebrasilatual.com.br\/cidadania\/2019\/01\/decreto-sobre-posse-de-arma-elevara-feminicidio-e-suicidio-diz-sou-da-paz\/\" target=\"_blank\" rel=\"noopener noreferrer\">pelo seu pr\u00f3prio companheiro<\/a>, maioria quase que absoluta, reverbera por todo o pa\u00eds.<\/p>\n<p>Divulgado nesta ter\u00e7a-feira (10), o<a href=\"http:\/\/www.forumseguranca.org.br\/wp-content\/uploads\/2019\/09\/Anuario-2019-FINAL-v3.pdf\" target=\"_blank\" rel=\"noopener noreferrer\">\u00a0Anu\u00e1rio Brasileiro de Seguran\u00e7a P\u00fablica de 2019<\/a>, realizado pelo F\u00f3rum Brasileiro de Seguran\u00e7a P\u00fablica, registrou que na contram\u00e3o da queda de homic\u00eddios, que caiu 10% entre 2017 e 2018, o assassinato de mulheres por viol\u00eancia dom\u00e9stica e discrimina\u00e7\u00e3o de g\u00eanero, o<a href=\"https:\/\/www.redebrasilatual.com.br\/politica\/2018\/11\/mulheres-negras-sao-as-maiores-vitimas-de-feminicidio-no-brasil\/\" target=\"_blank\" rel=\"noopener noreferrer\">\u00a0feminic\u00eddio<\/a>, aumentou 4% no mesmo per\u00edodo. Para a advogada e integrante da Rede Feminista de Juristas (DeFEMde), Amar\u00edlis Costa, a contradi\u00e7\u00e3o n\u00e3o \u00e9 \u00e0 toa. De acordo com ela, essa viol\u00eancia, que mata uma mulher a cada oito horas, est\u00e1 diretamente relacionada \u201c\u00e0s pr\u00e1ticas de machismo e patriarcado arraigados na sociedade (\u2026) nossa sociedade \u00e9 machista, capitalista e racista, e esses tr\u00eas marcadores, quando imbricados, cria uma s\u00e9rie de viol\u00eancias\u201d , explica.<\/p>\n<p>A comprova\u00e7\u00e3o dessas quest\u00f5es sociais est\u00e1 no fato do\u00a0<a href=\"https:\/\/www.redebrasilatual.com.br\/cidadania\/2019\/03\/para-maria-da-penha-nova-lei-de-posse-de-armas-vai-aumentar-numero-de-feminicidios\/\" target=\"_blank\" rel=\"noopener noreferrer\">principal perfil de v\u00edtimas<\/a>\u00a0identificadas pelo Anu\u00e1rio, indicando que 61% das mulheres s\u00e3o negras e quase 71% t\u00eam at\u00e9 o ensino fundamental. \u201cIsso significa dizer que a nossa estrutura estatal n\u00e3o verifica a quest\u00e3o da viol\u00eancia contra a mulher como prioridade, e significa dizer tamb\u00e9m que a Lei 11.340, a Lei Maria da Penha, que na verdade \u00e9 uma lei que prev\u00ea pol\u00edticas p\u00fablicas, atua\u00e7\u00f5es hol\u00edsticas e diversas formas de concatenar as a\u00e7\u00f5es do estado, n\u00e3o funciona por vontade pol\u00edtica. O que significa dizer que as mulheres pretas e pobres pagam por uma inefici\u00eancia estatal que por vezes \u00e9 direcionada a esses corpos que s\u00e3o menos considerados dentro do panorama social\u201d, descreve a integrante do DemFEMde.<\/p>\n<div>\n<div class=\"cue-group style-scope ytd-transcript-body-renderer\">\n<div class=\"cue-group style-scope ytd-transcript-body-renderer\">\n<div class=\"cues style-scope ytd-transcript-body-renderer\">\n<h3 class=\"cue style-scope ytd-transcript-body-renderer\"><strong>Assista na \u00edntegra as entrevistas da TVT:<\/strong><\/h3>\n<p><strong>{youtube}SGdEDLm74ZE{\/youtube}<\/strong><\/p>\n<p>\u00a0<\/p>\n<p><span style=\"text-decoration: underline;\"><strong>Fonte: Rede Brasil Atual<\/strong><\/span><\/p>\n<\/div>\n<\/div>\n<\/div>\n<\/div>\n","protected":false},"excerpt":{"rendered":"<p>O Brasil registra, a cada quatro minutos,\u00a0 pelo menos um caso de agress\u00e3o cometida por homens contra mulheres. Levantamento do Minist\u00e9rio da Sa\u00fade, divulgado pelo\u00a0jornal\u00a0Folha de S. Paulo,\u00a0aponta para um aumento expressivo de casos de viol\u00eancia f\u00edsica, psicol\u00f3gica e sexual registrados. Foram 145 mil casos denunciados nos \u00faltimos anos, ante pouco mais de 120 mil [&hellip;]<\/p>\n","protected":false},"author":2,"featured_media":7532,"comment_status":"","ping_status":"","sticky":false,"template":"","format":"standard","meta":{"footnotes":""},"categories":[3],"tags":[],"class_list":["post-7533","post","type-post","status-publish","format-standard","has-post-thumbnail","hentry","category-noticias"],"_links":{"self":[{"href":"https:\/\/hostnetart.com.br\/baixada\/wp-json\/wp\/v2\/posts\/7533","targetHints":{"allow":["GET"]}}],"collection":[{"href":"https:\/\/hostnetart.com.br\/baixada\/wp-json\/wp\/v2\/posts"}],"about":[{"href":"https:\/\/hostnetart.com.br\/baixada\/wp-json\/wp\/v2\/types\/post"}],"author":[{"embeddable":true,"href":"https:\/\/hostnetart.com.br\/baixada\/wp-json\/wp\/v2\/users\/2"}],"replies":[{"embeddable":true,"href":"https:\/\/hostnetart.com.br\/baixada\/wp-json\/wp\/v2\/comments?post=7533"}],"version-history":[{"count":0,"href":"https:\/\/hostnetart.com.br\/baixada\/wp-json\/wp\/v2\/posts\/7533\/revisions"}],"wp:featuredmedia":[{"embeddable":true,"href":"https:\/\/hostnetart.com.br\/baixada\/wp-json\/wp\/v2\/media\/7532"}],"wp:attachment":[{"href":"https:\/\/hostnetart.com.br\/baixada\/wp-json\/wp\/v2\/media?parent=7533"}],"wp:term":[{"taxonomy":"category","embeddable":true,"href":"https:\/\/hostnetart.com.br\/baixada\/wp-json\/wp\/v2\/categories?post=7533"},{"taxonomy":"post_tag","embeddable":true,"href":"https:\/\/hostnetart.com.br\/baixada\/wp-json\/wp\/v2\/tags?post=7533"}],"curies":[{"name":"wp","href":"https:\/\/api.w.org\/{rel}","templated":true}]}}