{"id":7531,"date":"2019-09-12T17:34:01","date_gmt":"2019-09-12T20:34:01","guid":{"rendered":"https:\/\/hostnetart.com.br\/baixada\/dia-nacional-de-luta-em-defesa-do-saude-caixa-movimenta-todo-o-brasil\/"},"modified":"2019-09-12T17:34:01","modified_gmt":"2019-09-12T20:34:01","slug":"dia-nacional-de-luta-em-defesa-do-saude-caixa-movimenta-todo-o-brasil","status":"publish","type":"post","link":"https:\/\/hostnetart.com.br\/baixada\/dia-nacional-de-luta-em-defesa-do-saude-caixa-movimenta-todo-o-brasil\/","title":{"rendered":"Dia Nacional de Luta em Defesa do Sa\u00fade Caixa movimenta todo o Brasil"},"content":{"rendered":"<div class=\"elementor-element elementor-element-194680ec elementor-widget elementor-widget-theme-post-content\" data-id=\"194680ec\" data-element_type=\"widget\" data-widget_type=\"theme-post-content.default\">\n<div class=\"elementor-widget-container\">\n<p>O<a href=\"https:\/\/contrafcut.com.br\/noticias\/empregados-realizam-diadeluta-em-defesa-do-saude-caixa-nesta-quarta-10\/\" target=\"_blank\" rel=\"noopener noreferrer\">\u00a0Dia Nacional de Luta em Defesa do Sa\u00fade Caixa<\/a>\u00a0movimentou as principais cidades do pa\u00eds, nesta quarta-feira (11), com atividades nas\u00a0<a href=\"https:\/\/contrafcut.com.br\/fotos\/dia-nacional-de-luta-em-defesa-do-saude-caixa\/\" target=\"_blank\" rel=\"noopener noreferrer\">ag\u00eancias banc\u00e1rias<\/a>. Dirigentes sindicais dialogaram com os empregados para organizar a resist\u00eancia da categoria aos ataques praticados pelo governo e pela dire\u00e7\u00e3o do banco ao plano de sa\u00fade.<\/p>\n<p>As a\u00e7\u00f5es fazem parte das atividades da Campanha Sa\u00fade Caixa para Todos, idealizada durante o 35\u00ba Congresso Nacional dos Empregados da Caixa Econ\u00f4mica Federal (Conecef), realizado em agosto. \u201cAs atividades de hoje envolveram os empregados do Brasil inteiro na defesa do Sa\u00fade Caixa, contra a intransig\u00eancia da dire\u00e7\u00e3o do banco, que al\u00e9m de destruir a institui\u00e7\u00e3o federal, quer acabar com a sa\u00fade dos trabalhadores da Caixa\u201d, afirmou Dion\u00edsio Reis, Coordenador da Comiss\u00e3o Executiva dos Empregados (CEE) da Caixa.<\/p>\n<p>Os empregados da Caixa denunciam a a\u00e7\u00e3o discriminat\u00f3ria do banco, que est\u00e1 contratando 2 mil novos empregados que n\u00e3o poder\u00e3o ingressar no plano de sa\u00fade atual e que ainda n\u00e3o foram informados sobre como ser\u00e1 a assist\u00eancia \u00e0 sa\u00fade oferecida pela Caixa, conforme prev\u00ea a cl\u00e1usula 33 do Acordo Coletivo de Trabalho.<\/p>\n<p>As novas restri\u00e7\u00f5es ao Sa\u00fade Caixa foram impostas ap\u00f3s aplica\u00e7\u00e3o da resolu\u00e7\u00e3o 23 da CGPAR, resolu\u00e7\u00e3o que estabelece diretrizes e par\u00e2metros para o custeio das empresas estatais federais sobre benef\u00edcios de assist\u00eancia \u00e0 sa\u00fade aos empregados. A aplica\u00e7\u00e3o da resolu\u00e7\u00e3o traz impactos diversos ao Sa\u00fade Caixa, n\u00e3o s\u00f3 para os novos ingressos. Ela onera os associados do plano, quebra o princ\u00edpio de solidariedade, exclui os aposentados, imp\u00f5e per\u00edodos de car\u00eancias, permite cobran\u00e7a de franquias, traz novas restri\u00e7\u00f5es para dependentes e veta a oferta do plano em novos concursos, proibindo a entrada de novos associados. Com o impedimento de novos membros, a tend\u00eancia \u00e9 que o Sa\u00fade Caixa seja esvaziado, tornando-se invi\u00e1vel no futuro.<\/p>\n<\/div>\n<\/div>\n<div class=\"elementor-element elementor-element-12fb8eb elementor-widget elementor-widget-heading\" data-id=\"12fb8eb\" data-element_type=\"widget\" data-widget_type=\"heading.default\">\n<div class=\"elementor-widget-container\">\u00a0<\/div>\n<div class=\"elementor-widget-container\"><strong>Fonte: Contraf-CUT<\/strong><\/div>\n<\/div>\n","protected":false},"excerpt":{"rendered":"<p>O\u00a0Dia Nacional de Luta em Defesa do Sa\u00fade Caixa\u00a0movimentou as principais cidades do pa\u00eds, nesta quarta-feira (11), com atividades nas\u00a0ag\u00eancias banc\u00e1rias. Dirigentes sindicais dialogaram com os empregados para organizar a resist\u00eancia da categoria aos ataques praticados pelo governo e pela dire\u00e7\u00e3o do banco ao plano de sa\u00fade. As a\u00e7\u00f5es fazem parte das atividades da Campanha [&hellip;]<\/p>\n","protected":false},"author":2,"featured_media":7530,"comment_status":"","ping_status":"","sticky":false,"template":"","format":"standard","meta":{"footnotes":""},"categories":[3],"tags":[],"class_list":["post-7531","post","type-post","status-publish","format-standard","has-post-thumbnail","hentry","category-noticias"],"_links":{"self":[{"href":"https:\/\/hostnetart.com.br\/baixada\/wp-json\/wp\/v2\/posts\/7531","targetHints":{"allow":["GET"]}}],"collection":[{"href":"https:\/\/hostnetart.com.br\/baixada\/wp-json\/wp\/v2\/posts"}],"about":[{"href":"https:\/\/hostnetart.com.br\/baixada\/wp-json\/wp\/v2\/types\/post"}],"author":[{"embeddable":true,"href":"https:\/\/hostnetart.com.br\/baixada\/wp-json\/wp\/v2\/users\/2"}],"replies":[{"embeddable":true,"href":"https:\/\/hostnetart.com.br\/baixada\/wp-json\/wp\/v2\/comments?post=7531"}],"version-history":[{"count":0,"href":"https:\/\/hostnetart.com.br\/baixada\/wp-json\/wp\/v2\/posts\/7531\/revisions"}],"wp:featuredmedia":[{"embeddable":true,"href":"https:\/\/hostnetart.com.br\/baixada\/wp-json\/wp\/v2\/media\/7530"}],"wp:attachment":[{"href":"https:\/\/hostnetart.com.br\/baixada\/wp-json\/wp\/v2\/media?parent=7531"}],"wp:term":[{"taxonomy":"category","embeddable":true,"href":"https:\/\/hostnetart.com.br\/baixada\/wp-json\/wp\/v2\/categories?post=7531"},{"taxonomy":"post_tag","embeddable":true,"href":"https:\/\/hostnetart.com.br\/baixada\/wp-json\/wp\/v2\/tags?post=7531"}],"curies":[{"name":"wp","href":"https:\/\/api.w.org\/{rel}","templated":true}]}}