{"id":7519,"date":"2019-09-10T19:37:20","date_gmt":"2019-09-10T22:37:20","guid":{"rendered":"https:\/\/hostnetart.com.br\/baixada\/eduardo-moreira-ex-banqueiro-explica-se-a-bolsa-de-valores-sobe-a-sua-vida-melhora\/"},"modified":"2019-09-10T19:37:20","modified_gmt":"2019-09-10T22:37:20","slug":"eduardo-moreira-ex-banqueiro-explica-se-a-bolsa-de-valores-sobe-a-sua-vida-melhora","status":"publish","type":"post","link":"https:\/\/hostnetart.com.br\/baixada\/eduardo-moreira-ex-banqueiro-explica-se-a-bolsa-de-valores-sobe-a-sua-vida-melhora\/","title":{"rendered":"Eduardo Moreira, ex-banqueiro, explica: Se a Bolsa de Valores sobe a sua vida melhora?"},"content":{"rendered":"<p>M\u00eddia tradicional costuma festejar alta nas a\u00e7\u00f5es e resultados do mercado financeiro, mas nem sempre h\u00e1 motivos para o trabalhador comemorar<\/p>\n<p>S\u00e3o Paulo \u2013 Em junho deste ano, a m\u00eddia tradicional comemorou o fato de o principal \u00edndice da Bolsa brasileira, o Ibovespa, ter alcan\u00e7ado a marca de 100.303,41 pontos no dia 19, maior n\u00edvel da hist\u00f3ria at\u00e9 ent\u00e3o. Mesmo sendo um recorde apenas nominal, j\u00e1 que, considerando a infla\u00e7\u00e3o, a Bolsa ainda n\u00e3o alcan\u00e7ava o n\u00edvel registrado em 2008, o fato era celebrado inclusive por pessoas que n\u00e3o t\u00eam investimentos no mercado financeiro, como se aquilo fosse sinal de novos tempos na economia brasileira.<\/p>\n<p>O clima de celebra\u00e7\u00e3o da imprensa mudaria um pouco o tom com o passar dos meses, ap\u00f3s a sa\u00edda de investimento de estrangeiros ter se aproximado do recorde da s\u00e9rie hist\u00f3rica, iniciada em 1996, para os primeiros oito meses do ano. Ainda assim, h\u00e1 motivos para um cidad\u00e3o comum comemorar a valoriza\u00e7\u00e3o de a\u00e7\u00f5es na Bolsa?<\/p>\n<p>\u201cMuita gente chega para mim e fala \u2018voc\u00ea est\u00e1 reclamando do governo Bolsonaro e a Bolsa est\u00e1 acima dos 100 mil pontos, est\u00e1 vendo como est\u00e1 melhorando?\u2019. Mas como eu j\u00e1 lidei com investimentos e consigo fazer uma an\u00e1lise mais sofisticada do mercado, sei que s\u00f3 quem est\u00e1 comemorando \u00e9 quem tem algo aplicado. A Bolsa \u00e9 simplesmente o valor das empresas que tem suas a\u00e7\u00f5es negociadas. O valor de mercado dessas empresas aumenta quando o lucro delas aumenta, e estes podem aumentar por motivos bons e ruins. Podem aumentar porque economia est\u00e1 pujante, vive um momento maravilhoso, o PIB n\u00e3o para de surpreender para cima, mas n\u00e3o \u00e9 nosso caso\u201d, explica o engenheiro e ex-banqueiro\u00a0<a href=\"https:\/\/www.redebrasilatual.com.br\/tag\/eduardo-moreira\/\">Eduardo Moreira<\/a>, em entrevista ao jornalista Glauco Faria, no\u00a0<em><strong>Jornal Brasil Atual<\/strong><\/em>.<\/p>\n<p>Para ilustrar como a subida do mercado de a\u00e7\u00f5es n\u00e3o corresponde necessariamente a um per\u00edodo de melhoras para a popula\u00e7\u00e3o, Moreira usa o exemplo do per\u00edodo econ\u00f4mico recente. \u201cVeja as a\u00e7\u00f5es dos bancos. Ao longo dos \u00faltimos anos, as a\u00e7\u00f5es do bancos n\u00e3o pararam de crescer, mas como foi a economia brasileira nos \u00faltimos anos? Foi um caos. Os bancos demitiram. As a\u00e7\u00f5es subiram porque eles reduziram m\u00e3o de obra e cobraram taxas muito maiores de juros das pessoas. Ou seja, tiraram dinheiro delas, aquilo que era renda das pessoas mais pobres virou lucro na m\u00e3o de dezenas de fam\u00edlias que j\u00e1 s\u00e3o ricas. Isso significa que a economia est\u00e1 boa? N\u00e3o, s\u00f3 significa que meia d\u00fazia de pessoas tiveram a vida mais f\u00e1cil\u201d, aponta.<\/p>\n<p>\u201cOlhar para a Bolsa de maneira simplista, achando que \u00e9 o term\u00f4metro da economia, \u00e9 super errado. Dou um exemplo. Vamos supor que a gente volte para as leis trabalhistas que existiam antes da reforma trabalhista. Vamos supor que essa reforma da Previd\u00eancia, ao inv\u00e9s de cortar direitos dos trabalhadores, se preocupe em proteger mais o pobre brasileiro que n\u00e3o tem a prote\u00e7\u00e3o social que merece. A Bolsa vai cair porque o lucro das empresas ir\u00e1 diminuir, pois parte do dinheiro ser\u00e1 usado para pagar mais aos trabalhadores, o lucro vai ser mais bem distribu\u00eddo. A Bolsa pode cair por um motivo bom\u201d, afirma. \u201cAs pessoas n\u00e3o entendem isso e porque n\u00e3o entendem? Porque tem uma m\u00eddia forte anexando e atrelando a melhora da economia \u00e0 melhora da Bolsa, pois s\u00e3o pessoas que lucram com esses movimentos especulativos e querem us\u00e1-los para manipular a opini\u00e3o publica.\u201d<\/p>\n<p>\u201cA Bolsa est\u00e1 mais do que o dobro do que estava em 2014. A gente est\u00e1 numa situa\u00e7\u00e3o melhor, mais que o dobro, do que em 2014? Nosso PIB est\u00e1 no n\u00edvel de 2012 e o desemprego est\u00e1 muito maior do que em 2014. A renda real das pessoas est\u00e1 menor do que 2014, mas a Bolsa est\u00e1 duas vezes e meia melhor. N\u00e3o precisa falar mais nada.\u201d<\/p>\n<h4>Confira a \u00edntegra da entrevista abaixo:<\/h4>\n<p>{youtube}gzPm0i9NpYY{\/youtube}<\/p>\n","protected":false},"excerpt":{"rendered":"<p>M\u00eddia tradicional costuma festejar alta nas a\u00e7\u00f5es e resultados do mercado financeiro, mas nem sempre h\u00e1 motivos para o trabalhador comemorar S\u00e3o Paulo \u2013 Em junho deste ano, a m\u00eddia tradicional comemorou o fato de o principal \u00edndice da Bolsa brasileira, o Ibovespa, ter alcan\u00e7ado a marca de 100.303,41 pontos no dia 19, maior n\u00edvel [&hellip;]<\/p>\n","protected":false},"author":1,"featured_media":7518,"comment_status":"","ping_status":"","sticky":false,"template":"","format":"standard","meta":{"footnotes":""},"categories":[3],"tags":[],"class_list":["post-7519","post","type-post","status-publish","format-standard","has-post-thumbnail","hentry","category-noticias"],"_links":{"self":[{"href":"https:\/\/hostnetart.com.br\/baixada\/wp-json\/wp\/v2\/posts\/7519","targetHints":{"allow":["GET"]}}],"collection":[{"href":"https:\/\/hostnetart.com.br\/baixada\/wp-json\/wp\/v2\/posts"}],"about":[{"href":"https:\/\/hostnetart.com.br\/baixada\/wp-json\/wp\/v2\/types\/post"}],"author":[{"embeddable":true,"href":"https:\/\/hostnetart.com.br\/baixada\/wp-json\/wp\/v2\/users\/1"}],"replies":[{"embeddable":true,"href":"https:\/\/hostnetart.com.br\/baixada\/wp-json\/wp\/v2\/comments?post=7519"}],"version-history":[{"count":0,"href":"https:\/\/hostnetart.com.br\/baixada\/wp-json\/wp\/v2\/posts\/7519\/revisions"}],"wp:featuredmedia":[{"embeddable":true,"href":"https:\/\/hostnetart.com.br\/baixada\/wp-json\/wp\/v2\/media\/7518"}],"wp:attachment":[{"href":"https:\/\/hostnetart.com.br\/baixada\/wp-json\/wp\/v2\/media?parent=7519"}],"wp:term":[{"taxonomy":"category","embeddable":true,"href":"https:\/\/hostnetart.com.br\/baixada\/wp-json\/wp\/v2\/categories?post=7519"},{"taxonomy":"post_tag","embeddable":true,"href":"https:\/\/hostnetart.com.br\/baixada\/wp-json\/wp\/v2\/tags?post=7519"}],"curies":[{"name":"wp","href":"https:\/\/api.w.org\/{rel}","templated":true}]}}