{"id":7517,"date":"2019-09-10T16:33:13","date_gmt":"2019-09-10T19:33:13","guid":{"rendered":"https:\/\/hostnetart.com.br\/baixada\/empregados-realizam-diadeluta-em-defesa-do-saude-caixa-nesta-quarta-10\/"},"modified":"2019-09-10T16:33:13","modified_gmt":"2019-09-10T19:33:13","slug":"empregados-realizam-diadeluta-em-defesa-do-saude-caixa-nesta-quarta-10","status":"publish","type":"post","link":"https:\/\/hostnetart.com.br\/baixada\/empregados-realizam-diadeluta-em-defesa-do-saude-caixa-nesta-quarta-10\/","title":{"rendered":"Empregados realizam #diadeluta em Defesa do Sa\u00fade Caixa nesta quarta (10)"},"content":{"rendered":"<div class=\"elementor-element elementor-element-194680ec elementor-widget elementor-widget-theme-post-content\" data-id=\"194680ec\" data-element_type=\"widget\" data-widget_type=\"theme-post-content.default\">\n<div class=\"elementor-widget-container\">\n<p>Empregados de todo o Brasil realizam, nesta quarta-feira (11), o Dia Nacional de Luta em Defesa do Sa\u00fade Caixa. O ato \u00e9 mais uma das atividades da Campanha Sa\u00fade Caixa para Todos, idealizada durante o 35\u00ba Congresso Nacional dos Empregados da Caixa Econ\u00f4mica Federal (Conecef), realizado em S\u00e3o Paulo, nos dias 1 e 2 de agosto.<\/p>\n<p>\u201cEsta campanha refor\u00e7a a import\u00e2ncia da conquista que \u00e9 o Sa\u00fade Caixa. N\u00f3s defendemos o Sa\u00fade Caixa para todos, inclusive para os novos empregados, principalmente para as pessoas com defici\u00eancia, que est\u00e3o sendo contratadas neste momento\u201d, reivindicou a coordenadora do Grupo de Trabalho (GT) sobre Sa\u00fade da Caixa, Fabiana Uehara Proscholdt, que tamb\u00e9m \u00e9 secret\u00e1ria de Cultura e representante da Confedera\u00e7\u00e3o dos Trabalhadores do Ramo Financeiro (Contraf-CUT) nas negocia\u00e7\u00f5es com o banco.<\/p>\n<p>A Contraf-CUT disponibilizou os materiais para o dia de luta na se\u00e7\u00e3o de acesso restrito do site. A orienta\u00e7\u00e3o \u00e9 que os empregados e a popula\u00e7\u00e3o marque sua presen\u00e7a tamb\u00e9m utilizando a #diadeluta em suas redes sociais.<\/p>\n<p>Apesar de toda a mobiliza\u00e7\u00e3o para manter o Sa\u00fade Caixa como direito assegurado do trabalhador, o plano vem sofrendo com diversos ataques proferidos pela dire\u00e7\u00e3o da empresa em total conson\u00e2ncia com as diretrizes do atual governo. Um exemplo \u00e9 a discrimina\u00e7\u00e3o com os PCDs contratados, ao n\u00e3o garantir o plano de sa\u00fade.<\/p>\n<p>Na\u00a0<a href=\"https:\/\/contrafcut.com.br\/noticias\/empregados-defendem-contratacoes-e-caixa-100-publica-em-mesa-de-negociacao\/\" target=\"_blank\" rel=\"noopener noreferrer\">\u00faltima reuni\u00e3o com a dire\u00e7\u00e3o do banco<\/a>, realizada no final de agosto, a Comiss\u00e3o Executiva dos Empregados (CEE\/Caixa) lembrou que, na campanha dos banc\u00e1rios de 2018, o Sa\u00fade Caixa foi assegurado para os trabalhadores da ativa e aposentados. Foi dito ainda que a reda\u00e7\u00e3o do ACT 2018\/2020 garante assist\u00eancia \u00e0 sa\u00fade para os novos contratados, o que n\u00e3o vem sendo cumprido pela dire\u00e7\u00e3o do banco.<\/p>\n<p>Sob protesto dos representantes dos empregados, a Caixa anunciou que o Sa\u00fade Caixa propriamente dito n\u00e3o ser\u00e1 oferecido a esse grupo de trabalhadores. Nesse caso, o modelo que est\u00e1 sendo estudado e deve ser adotado ser\u00e1 baseado no que prev\u00ea a CGPAR 23. Essa resolu\u00e7\u00e3o estabelece diretrizes e par\u00e2metros para o custeio das empresas estatais federais sobre benef\u00edcios de assist\u00eancia \u00e0 sa\u00fade aos empregados.<\/p>\n<p>Uma constata\u00e7\u00e3o: o prop\u00f3sito de medidas como a CGPAR 23 \u00e9 acabar com os planos de sa\u00fade dos trabalhadores de empresas p\u00fablicas federais, incluindo o Sa\u00fade Caixa, deixando milh\u00f5es de trabalhadores e suas fam\u00edlias desassistidos.<\/p>\n<p>Durante a reuni\u00e3o, o coordenador da CEE\/Caixa, Dion\u00edsio Reis, afirmou que \u201co Sa\u00fade Caixa \u00e9 um direito conquistado ap\u00f3s muita luta, garantido no Acordo Coletivo de Trabalho dos empregados da Caixa. Contudo, est\u00e1 sob grave amea\u00e7a devido \u00e0 CGPAR 23, que inviabiliza planos de autogest\u00e3o, e pelo estatuto vigente da Caixa, que imp\u00f5e limites de custeio\u201d.<\/p>\n<p>Ele ainda resgatou que \u201ca Contraf tem brigado muito para a Caixa cumprir o acordo coletivo e hoje infelizmente os novos empregados est\u00e3o descobertos, o que \u00e9 desumano. N\u00f3s refor\u00e7amos as mobiliza\u00e7\u00f5es dos empregados na defesa do Sa\u00fade Caixa. S\u00f3 assim, vamos manter nosso direito\u201d, convocou o coordenador.<\/p>\n<h3>Hist\u00f3rico<\/h3>\n<p>Em dezembro de 2017, o Conselho de Administra\u00e7\u00e3o da Caixa alterou o estatuto do banco incluindo um item que imp\u00f5e a limita\u00e7\u00e3o de sua contribui\u00e7\u00e3o para a assist\u00eancia \u00e0 sa\u00fade dos empregados a 6,5% da folha de pagamento, retomando a velha f\u00f3rmula que n\u00e3o garante sustentabilidade ao programa.<\/p>\n<p>Para piorar, em janeiro de 2018, o Minist\u00e9rio do Planejamento publicou as resolu\u00e7\u00f5es CGPAR n\u00ba 22 e 23, com determina\u00e7\u00f5es para que as empresas estatais reduzam, ainda mais, as despesas com os planos de sa\u00fade dos empregados.<\/p>\n<p>Al\u00e9m da redu\u00e7\u00e3o dr\u00e1stica dos recursos a serem destinados \u00e0 sa\u00fade dos empregados, as resolu\u00e7\u00f5es da CGPAR impedem que os novos empregados tenham direito ao plano existente. Medida que a Caixa j\u00e1 adotou, determinando que os ingressos na empresa a partir de 1\u00ba de setembro de 2018 n\u00e3o tenham mais esse direito.<\/p>\n<p>\u201cA assist\u00eancia \u00e0 sa\u00fade permite que o trabalhador da Caixa possa cuidar da sua sa\u00fade e de sua fam\u00edlia. Lutamos para que o Sa\u00fade Caixa permane\u00e7a como um direito dos empregados. Para isso, precisaremos, cada vez mais, nos unir em defesa desse direito. Empregados ativos, aposentados, pensionistas, dependentes, todos sabemos a relev\u00e2ncia dessa assist\u00eancia e n\u00e3o podemos renunciar a isso\u201d, finalizou Dion\u00edsio.<\/p>\n<\/div>\n<\/div>\n<div class=\"elementor-element elementor-element-76b46e1 elementor-widget elementor-widget-post-info\" data-id=\"76b46e1\" data-element_type=\"widget\" data-widget_type=\"post-info.default\">\u00a0<\/div>\n<div class=\"elementor-element elementor-element-76b46e1 elementor-widget elementor-widget-post-info\" data-id=\"76b46e1\" data-element_type=\"widget\" data-widget_type=\"post-info.default\"><strong>Fonte: Contraf-CUT<\/strong><\/div>\n","protected":false},"excerpt":{"rendered":"<p>Empregados de todo o Brasil realizam, nesta quarta-feira (11), o Dia Nacional de Luta em Defesa do Sa\u00fade Caixa. O ato \u00e9 mais uma das atividades da Campanha Sa\u00fade Caixa para Todos, idealizada durante o 35\u00ba Congresso Nacional dos Empregados da Caixa Econ\u00f4mica Federal (Conecef), realizado em S\u00e3o Paulo, nos dias 1 e 2 de [&hellip;]<\/p>\n","protected":false},"author":2,"featured_media":7516,"comment_status":"","ping_status":"","sticky":false,"template":"","format":"standard","meta":{"footnotes":""},"categories":[3],"tags":[],"class_list":["post-7517","post","type-post","status-publish","format-standard","has-post-thumbnail","hentry","category-noticias"],"_links":{"self":[{"href":"https:\/\/hostnetart.com.br\/baixada\/wp-json\/wp\/v2\/posts\/7517","targetHints":{"allow":["GET"]}}],"collection":[{"href":"https:\/\/hostnetart.com.br\/baixada\/wp-json\/wp\/v2\/posts"}],"about":[{"href":"https:\/\/hostnetart.com.br\/baixada\/wp-json\/wp\/v2\/types\/post"}],"author":[{"embeddable":true,"href":"https:\/\/hostnetart.com.br\/baixada\/wp-json\/wp\/v2\/users\/2"}],"replies":[{"embeddable":true,"href":"https:\/\/hostnetart.com.br\/baixada\/wp-json\/wp\/v2\/comments?post=7517"}],"version-history":[{"count":0,"href":"https:\/\/hostnetart.com.br\/baixada\/wp-json\/wp\/v2\/posts\/7517\/revisions"}],"wp:featuredmedia":[{"embeddable":true,"href":"https:\/\/hostnetart.com.br\/baixada\/wp-json\/wp\/v2\/media\/7516"}],"wp:attachment":[{"href":"https:\/\/hostnetart.com.br\/baixada\/wp-json\/wp\/v2\/media?parent=7517"}],"wp:term":[{"taxonomy":"category","embeddable":true,"href":"https:\/\/hostnetart.com.br\/baixada\/wp-json\/wp\/v2\/categories?post=7517"},{"taxonomy":"post_tag","embeddable":true,"href":"https:\/\/hostnetart.com.br\/baixada\/wp-json\/wp\/v2\/tags?post=7517"}],"curies":[{"name":"wp","href":"https:\/\/api.w.org\/{rel}","templated":true}]}}