{"id":7511,"date":"2019-09-10T14:41:14","date_gmt":"2019-09-10T17:41:14","guid":{"rendered":"https:\/\/hostnetart.com.br\/baixada\/comissao-do-senado-debate-impactos-negativos-da-reforma-da-previdencia-para-os-municipios\/"},"modified":"2019-09-10T14:41:14","modified_gmt":"2019-09-10T17:41:14","slug":"comissao-do-senado-debate-impactos-negativos-da-reforma-da-previdencia-para-os-municipios","status":"publish","type":"post","link":"https:\/\/hostnetart.com.br\/baixada\/comissao-do-senado-debate-impactos-negativos-da-reforma-da-previdencia-para-os-municipios\/","title":{"rendered":"Comiss\u00e3o do Senado debate impactos negativos da Reforma da Previd\u00eancia para os munic\u00edpios"},"content":{"rendered":"<p>Estados e munic\u00edpios ter\u00e3o o or\u00e7amento afetado com a \u201c<a href=\"https:\/\/www.redebrasilatual.com.br\/politica\/2019\/07\/relatorio-aprovado-da-reforma-da-previdencia\/\" target=\"_blank\" rel=\"noopener noreferrer\">reforma\u201d da Previd\u00eancia<\/a>. O\u00a0cen\u00e1rio foi debatido nesta segunda-feira (9) na Comiss\u00e3o de Direitos Humanos (CDH) do Senado. Segundo dados do pr\u00f3prio governo federal, 70% dos munic\u00edpios dependem do pagamento de benef\u00edcios previdenci\u00e1rios.<\/p>\n<p>Para o auditor fiscal da receita e autor do livro \u201cA Previd\u00eancia Social e a Economia dos Munic\u00edpios\u201d, \u00c1lvaro S\u00f3lon de Fran\u00e7a, a m\u00e9dio e longo prazo o dinheiro dos aposentados vai fazer falta. \u201cSer\u00e1 extremamente danoso. Haver\u00e1 uma diminui\u00e7\u00e3o na circula\u00e7\u00e3o de dinheiro, principalmente nos pequenos munic\u00edpios brasileiros e teremos uma hecatombe econ\u00f4mica. Os munic\u00edpios que hoje sobrevivem do pagamento de benef\u00edcios previdenci\u00e1rios ter\u00e3o a diminui\u00e7\u00e3o dos seus recursos, isso acarretar\u00e1 na diminui\u00e7\u00e3o da qualidade de vida das pessoas\u201d, afirmou ao rep\u00f3rter Uelson Kalinovski, da\u00a0<strong>TVT<\/strong>.<\/p>\n<p>Segundo Bruna Martos, do Instituto Brasileiro de Direito Previdenci\u00e1rio (IBDP),\u00a0<a href=\"https:\/\/www.redebrasilatual.com.br\/economia\/2019\/06\/reforma-previdencia-capitalizacao\/\" target=\"_blank\" rel=\"noopener noreferrer\">sem direito \u00e0 aposentadoria<\/a>, a tend\u00eancia ser\u00e1 de aumento da faixa et\u00e1ria da popula\u00e7\u00e3o economicamente ativa, situa\u00e7\u00e3o para a qual o pa\u00eds n\u00e3o est\u00e1 preparado. \u201cN\u00e3o d\u00e1 para comparar com outros pa\u00edses, principalmente os Estados Unidos, onde a cultura e a empregabilidade de pessoas com uma idade mais avan\u00e7ada \u00e9 n\u00edtida. O Brasil ainda n\u00e3o tem essa cultura, n\u00f3s sabemos que as pessoas, hoje, aos 50 anos, j\u00e1 n\u00e3o conseguem mais encontrar oportunidades no mercado de trabalho\u201d, disse.<\/p>\n<p>A informalidade tem explodido no pa\u00eds, fruto da reforma trabalhista, o que tamb\u00e9m impacta a arrecada\u00e7\u00e3o previdenci\u00e1ria. De acordo com Bruna, o Brasil poder\u00e1 se transformar em uma na\u00e7\u00e3o de idosos e miser\u00e1veis. \u201cA gente t\u00e1 vendo, com base em tudo que est\u00e1 sendo discutido, que o valor da aposentadoria vai cair significativamente. R$ 80 faz diferen\u00e7a no c\u00e1lculo para quem precisa comprar um g\u00e1s, pagar uma conta de \u00e1gua, quem dir\u00e1 nas altera\u00e7\u00f5es que s\u00e3o muito maiores\u201d, criticou ela.<\/p>\n<p>O presidente do Senado, Davi Alcolumbre,\u00a0<a href=\"https:\/\/www.redebrasilatual.com.br\/politica\/2019\/07\/comissao-especial-aprova-relatorio-da-reforma-da-previdencia-que-agora-vai-a-plenario\/\" target=\"_blank\" rel=\"noopener noreferrer\">quer votar a PEC da Previd\u00eancia<\/a>, em 1\u00ba turno, j\u00e1 nesta quarta-feira (11). Uma reuni\u00e3o com lideran\u00e7as partid\u00e1rias, na tarde desta ter\u00e7a-feira (10), vai definir, mas a oposi\u00e7\u00e3o \u00e9 contra, pois disse que j\u00e1 havia um acordo de que novos debates e audi\u00eancias p\u00fablicas seriam realizados nesta semana e a PEC s\u00f3 entraria na pauta a partir do dia 18 de setembro.<\/p>\n<p>\u201cEles querem votar j\u00e1 nesta quarta-feira, isso \u00e9 um absurdo, \u00e9 inaceit\u00e1vel. Vou apresentar requerimento na CCJ, na Comiss\u00e3o de Direitos Humanos e no plen\u00e1rio, para que essa mat\u00e9ria n\u00e3o seja votada de forma r\u00e1pida, correndo desesperadamente, porque n\u00e3o querem que o povo perceba o que est\u00e1 acontecendo\u201d, disse o senador e presidente da CDH, Paulo Paim (PT-RS).<\/p>\n<p><strong>Fonte: Rede Brasil Atual<\/strong><\/p>\n","protected":false},"excerpt":{"rendered":"<p>Estados e munic\u00edpios ter\u00e3o o or\u00e7amento afetado com a \u201creforma\u201d da Previd\u00eancia. O\u00a0cen\u00e1rio foi debatido nesta segunda-feira (9) na Comiss\u00e3o de Direitos Humanos (CDH) do Senado. Segundo dados do pr\u00f3prio governo federal, 70% dos munic\u00edpios dependem do pagamento de benef\u00edcios previdenci\u00e1rios. Para o auditor fiscal da receita e autor do livro \u201cA Previd\u00eancia Social e [&hellip;]<\/p>\n","protected":false},"author":2,"featured_media":7510,"comment_status":"","ping_status":"","sticky":false,"template":"","format":"standard","meta":{"footnotes":""},"categories":[3],"tags":[],"class_list":["post-7511","post","type-post","status-publish","format-standard","has-post-thumbnail","hentry","category-noticias"],"_links":{"self":[{"href":"https:\/\/hostnetart.com.br\/baixada\/wp-json\/wp\/v2\/posts\/7511","targetHints":{"allow":["GET"]}}],"collection":[{"href":"https:\/\/hostnetart.com.br\/baixada\/wp-json\/wp\/v2\/posts"}],"about":[{"href":"https:\/\/hostnetart.com.br\/baixada\/wp-json\/wp\/v2\/types\/post"}],"author":[{"embeddable":true,"href":"https:\/\/hostnetart.com.br\/baixada\/wp-json\/wp\/v2\/users\/2"}],"replies":[{"embeddable":true,"href":"https:\/\/hostnetart.com.br\/baixada\/wp-json\/wp\/v2\/comments?post=7511"}],"version-history":[{"count":0,"href":"https:\/\/hostnetart.com.br\/baixada\/wp-json\/wp\/v2\/posts\/7511\/revisions"}],"wp:featuredmedia":[{"embeddable":true,"href":"https:\/\/hostnetart.com.br\/baixada\/wp-json\/wp\/v2\/media\/7510"}],"wp:attachment":[{"href":"https:\/\/hostnetart.com.br\/baixada\/wp-json\/wp\/v2\/media?parent=7511"}],"wp:term":[{"taxonomy":"category","embeddable":true,"href":"https:\/\/hostnetart.com.br\/baixada\/wp-json\/wp\/v2\/categories?post=7511"},{"taxonomy":"post_tag","embeddable":true,"href":"https:\/\/hostnetart.com.br\/baixada\/wp-json\/wp\/v2\/tags?post=7511"}],"curies":[{"name":"wp","href":"https:\/\/api.w.org\/{rel}","templated":true}]}}