{"id":7507,"date":"2019-09-10T13:50:42","date_gmt":"2019-09-10T16:50:42","guid":{"rendered":"https:\/\/hostnetart.com.br\/baixada\/reajuste-dos-bancarios-injetara-r-10-5-bi-na-economia\/"},"modified":"2019-09-10T13:50:42","modified_gmt":"2019-09-10T16:50:42","slug":"reajuste-dos-bancarios-injetara-r-10-5-bi-na-economia","status":"publish","type":"post","link":"https:\/\/hostnetart.com.br\/baixada\/reajuste-dos-bancarios-injetara-r-10-5-bi-na-economia\/","title":{"rendered":"Reajuste dos banc\u00e1rios injetar\u00e1 R$ 10,5 bi na economia"},"content":{"rendered":"<p>O\u00a0<a href=\"https:\/\/contrafcut.com.br\/noticias\/bancarios-terao-reajuste-de-431\/\" target=\"_blank\" rel=\"noopener noreferrer\">reajuste de 4,31%<\/a>\u00a0obtido pela categoria banc\u00e1ria injetar\u00e1 R$ 10,549 bilh\u00f5es na economia entre 1 de setembro de 2019 a 31 de agosto de 2020, segundo c\u00e1lculos do\u00a0<a href=\"https:\/\/www.dieese.org.br\/\" target=\"_blank\" rel=\"noopener noreferrer\">Departamento Intersindical de Estat\u00edstica e Estudos Socioecon\u00f4micos (Dieese)<\/a>.<\/p>\n<p>Agora em setembro, apenas com a antecipa\u00e7\u00e3o da primeira parcela da Participa\u00e7\u00e3o nos Lucros e Resultados (PLR) ser\u00e3o injetados R$ 3,488 bi na economia. Os valores foram pagos pelo\u00a0<a href=\"https:\/\/contrafcut.com.br\/noticias\/bb-atende-pedido-da-contraf-cut-e-antecipa-plr\/\" target=\"_blank\" rel=\"noopener noreferrer\">Banco do Brasil<\/a>\u00a0no dia 30 de agosto, pela\u00a0<a href=\"https:\/\/contrafcut.com.br\/noticias\/contraf-cut-cobra-e-caixa-paga-plr-nesta-terca-feira-3\/\" target=\"_blank\" rel=\"noopener noreferrer\">Caixa Econ\u00f4mica Federal<\/a>\u00a0no dia 3 de setembro, que deve ser paga pelo\u00a0<a href=\"https:\/\/contrafcut.com.br\/noticias\/bancarios-do-itau-recebem-plr-e-pcr-no-dia-20\/\" target=\"_blank\" rel=\"noopener noreferrer\">Ita\u00fa<\/a>, Bradesco e demais bancos\u00a0<a href=\"https:\/\/contrafcut.com.br\/noticias\/plr-sera-paga-ate-20-de-setembro\/\">at\u00e9 o dia 20 de setembro<\/a>, exceto o Santander, que n\u00e3o conseguir\u00e1 cumprir esse prazo devido a dificuldades internas do banco.<\/p>\n<p>Em 2018, o reajuste da categoria foi de 5% e, segundo o Dieese, o impacto da campanha nacional chegou a de R$ 9,922 bilh\u00f5es.<\/p>\n<p><strong>Contraf-CUT<\/strong><\/p>\n","protected":false},"excerpt":{"rendered":"<p>O\u00a0reajuste de 4,31%\u00a0obtido pela categoria banc\u00e1ria injetar\u00e1 R$ 10,549 bilh\u00f5es na economia entre 1 de setembro de 2019 a 31 de agosto de 2020, segundo c\u00e1lculos do\u00a0Departamento Intersindical de Estat\u00edstica e Estudos Socioecon\u00f4micos (Dieese). Agora em setembro, apenas com a antecipa\u00e7\u00e3o da primeira parcela da Participa\u00e7\u00e3o nos Lucros e Resultados (PLR) ser\u00e3o injetados R$ 3,488 [&hellip;]<\/p>\n","protected":false},"author":2,"featured_media":7506,"comment_status":"","ping_status":"","sticky":false,"template":"","format":"standard","meta":{"footnotes":""},"categories":[3],"tags":[],"class_list":["post-7507","post","type-post","status-publish","format-standard","has-post-thumbnail","hentry","category-noticias"],"_links":{"self":[{"href":"https:\/\/hostnetart.com.br\/baixada\/wp-json\/wp\/v2\/posts\/7507","targetHints":{"allow":["GET"]}}],"collection":[{"href":"https:\/\/hostnetart.com.br\/baixada\/wp-json\/wp\/v2\/posts"}],"about":[{"href":"https:\/\/hostnetart.com.br\/baixada\/wp-json\/wp\/v2\/types\/post"}],"author":[{"embeddable":true,"href":"https:\/\/hostnetart.com.br\/baixada\/wp-json\/wp\/v2\/users\/2"}],"replies":[{"embeddable":true,"href":"https:\/\/hostnetart.com.br\/baixada\/wp-json\/wp\/v2\/comments?post=7507"}],"version-history":[{"count":0,"href":"https:\/\/hostnetart.com.br\/baixada\/wp-json\/wp\/v2\/posts\/7507\/revisions"}],"wp:featuredmedia":[{"embeddable":true,"href":"https:\/\/hostnetart.com.br\/baixada\/wp-json\/wp\/v2\/media\/7506"}],"wp:attachment":[{"href":"https:\/\/hostnetart.com.br\/baixada\/wp-json\/wp\/v2\/media?parent=7507"}],"wp:term":[{"taxonomy":"category","embeddable":true,"href":"https:\/\/hostnetart.com.br\/baixada\/wp-json\/wp\/v2\/categories?post=7507"},{"taxonomy":"post_tag","embeddable":true,"href":"https:\/\/hostnetart.com.br\/baixada\/wp-json\/wp\/v2\/tags?post=7507"}],"curies":[{"name":"wp","href":"https:\/\/api.w.org\/{rel}","templated":true}]}}