{"id":7497,"date":"2019-09-09T18:38:34","date_gmt":"2019-09-09T21:38:34","guid":{"rendered":"https:\/\/hostnetart.com.br\/baixada\/bancarios-do-itau-recebem-plr-e-pcr-no-dia-20\/"},"modified":"2019-09-09T18:38:34","modified_gmt":"2019-09-09T21:38:34","slug":"bancarios-do-itau-recebem-plr-e-pcr-no-dia-20","status":"publish","type":"post","link":"https:\/\/hostnetart.com.br\/baixada\/bancarios-do-itau-recebem-plr-e-pcr-no-dia-20\/","title":{"rendered":"Banc\u00e1rios do Ita\u00fa recebem PLR e PCR no dia 20"},"content":{"rendered":"<div class=\"elementor-element elementor-element-194680ec elementor-widget elementor-widget-theme-post-content\" data-id=\"194680ec\" data-element_type=\"widget\" data-widget_type=\"theme-post-content.default\">\n<div class=\"elementor-widget-container\">\n<p>Os banc\u00e1rios do Ita\u00fa receber\u00e3o a Participa\u00e7\u00e3o nos Lucros e Resultados (PLR) e a Programa Complementar de Resultados (CPR) no pr\u00f3ximo dia 20 de setembro.<\/p>\n<p>A primeira parcela da<a href=\"https:\/\/spbancarios.com.br\/simulador-plr\" target=\"_blank\" rel=\"noopener noreferrer\"> PLR 2019<\/a> \u00e9 composta de regra b\u00e1sica e parcela adicional. A regra b\u00e1sica corresponde a 54% do sal\u00e1rio mais valor fixo de R$ 1.474,42 (reajustado em 4,31%), limitado ao valor individual de R$ 7.916,81 ou a 12,8% do lucro l\u00edquido do banco apurado no 1\u00ba semestre de 2019, o que ocorrer primeiro.<\/p>\n<p>A parcela adicional \u00e9 a divis\u00e3o linear de 2,2% do lucro l\u00edquido do 1\u00ba semestre de 2019, com limite individual de R$ 2.457,36 (reajustado em 4,31%).<\/p>\n<h3>PCR<\/h3>\n<p>O PCR \u00e9 uma conquista dos banc\u00e1rios do Ita\u00fa, em negocia\u00e7\u00e3o iniciada em 2003, e \u00e9 resultado do acordo bianual espec\u00edfico para a verba, reajustado pelo \u00edndice conquistado na Campanha Nacional 2018. Neste ano, o valor pago ser\u00e1 de R$ 2.900,00.<\/p>\n<p>\u201cA PCR \u00e9 uma conquista muito importante dos funcion\u00e1rios do Ita\u00fa. Todos os anos buscamos melhorar a verba, em cima do lucro do banco, que cresce, gra\u00e7as ao esfor\u00e7o dos trabalhadores\u201d, afirmou <a href=\"https:\/\/contrafcut.com.br\/?s=jair+alves\" target=\"_blank\" rel=\"noopener noreferrer\">Jair Alves<\/a>, coordenador da Comiss\u00e3o de Organiza\u00e7\u00e3o dos Empregados (COE) do Ita\u00fa.<\/p>\n<p><strong>Fonte: Contraf-CUT<\/strong><\/p>\n<\/div>\n<\/div>\n","protected":false},"excerpt":{"rendered":"<p>Os banc\u00e1rios do Ita\u00fa receber\u00e3o a Participa\u00e7\u00e3o nos Lucros e Resultados (PLR) e a Programa Complementar de Resultados (CPR) no pr\u00f3ximo dia 20 de setembro. A primeira parcela da PLR 2019 \u00e9 composta de regra b\u00e1sica e parcela adicional. A regra b\u00e1sica corresponde a 54% do sal\u00e1rio mais valor fixo de R$ 1.474,42 (reajustado em [&hellip;]<\/p>\n","protected":false},"author":2,"featured_media":7496,"comment_status":"","ping_status":"","sticky":false,"template":"","format":"standard","meta":{"footnotes":""},"categories":[3],"tags":[],"class_list":["post-7497","post","type-post","status-publish","format-standard","has-post-thumbnail","hentry","category-noticias"],"_links":{"self":[{"href":"https:\/\/hostnetart.com.br\/baixada\/wp-json\/wp\/v2\/posts\/7497","targetHints":{"allow":["GET"]}}],"collection":[{"href":"https:\/\/hostnetart.com.br\/baixada\/wp-json\/wp\/v2\/posts"}],"about":[{"href":"https:\/\/hostnetart.com.br\/baixada\/wp-json\/wp\/v2\/types\/post"}],"author":[{"embeddable":true,"href":"https:\/\/hostnetart.com.br\/baixada\/wp-json\/wp\/v2\/users\/2"}],"replies":[{"embeddable":true,"href":"https:\/\/hostnetart.com.br\/baixada\/wp-json\/wp\/v2\/comments?post=7497"}],"version-history":[{"count":0,"href":"https:\/\/hostnetart.com.br\/baixada\/wp-json\/wp\/v2\/posts\/7497\/revisions"}],"wp:featuredmedia":[{"embeddable":true,"href":"https:\/\/hostnetart.com.br\/baixada\/wp-json\/wp\/v2\/media\/7496"}],"wp:attachment":[{"href":"https:\/\/hostnetart.com.br\/baixada\/wp-json\/wp\/v2\/media?parent=7497"}],"wp:term":[{"taxonomy":"category","embeddable":true,"href":"https:\/\/hostnetart.com.br\/baixada\/wp-json\/wp\/v2\/categories?post=7497"},{"taxonomy":"post_tag","embeddable":true,"href":"https:\/\/hostnetart.com.br\/baixada\/wp-json\/wp\/v2\/tags?post=7497"}],"curies":[{"name":"wp","href":"https:\/\/api.w.org\/{rel}","templated":true}]}}