{"id":7495,"date":"2019-09-06T23:05:23","date_gmt":"2019-09-07T02:05:23","guid":{"rendered":"https:\/\/hostnetart.com.br\/baixada\/bancarios-terao-reajuste-de-4-31\/"},"modified":"2019-09-06T23:05:23","modified_gmt":"2019-09-07T02:05:23","slug":"bancarios-terao-reajuste-de-4-31","status":"publish","type":"post","link":"https:\/\/hostnetart.com.br\/baixada\/bancarios-terao-reajuste-de-4-31\/","title":{"rendered":"Banc\u00e1rios ter\u00e3o reajuste de 4,31%"},"content":{"rendered":"<div class=\"elementor-element elementor-element-194680ec elementor-widget elementor-widget-theme-post-content\" data-id=\"194680ec\" data-element_type=\"widget\" data-widget_type=\"theme-post-content.default\">\n<div class=\"elementor-widget-container\">\n<p>O Instituto Brasileiro de Geografia e Estat\u00edstica (IBGE) divulgou nesta sexta-feira (6) o \u00cdndice Nacional de Pre\u00e7os ao Consumidor (INPC) de agosto, que regula o reajuste da categoria banc\u00e1ria.<\/p>\n<p>Em agosto, o \u00edndice ficou em 0,12%. O acumulado em 12 meses ficou em 3,28%. Com isso, j\u00e1 contando o aumento real de 1%, definido na Conven\u00e7\u00e3o Coletiva de Trabalho (CCT), os banc\u00e1rios ter\u00e3o reajuste de 4,31% nos sal\u00e1rios, PLR e todas as demais verbas definidas pela conven\u00e7\u00e3o da categoria.<\/p>\n<p>\u201cA conjuntura n\u00e3o est\u00e1 favor\u00e1vel \u00e0 classe trabalhadora. Todos os dias vemos not\u00edcias de corte nos nossos direitos. Gra\u00e7as \u00e0 nossa unidade nacional, somos uma das poucas categorias que ter\u00e1 aumento real neste ano\u201d, observou a presidenta da Confedera\u00e7\u00e3o Nacional dos Trabalhadores do Ramo Financeiro (Contraf-CUT), Juvandia Moreira. \u201cNo setor p\u00fablico, os banc\u00e1rios ser\u00e3o os \u00fanicos que ter\u00e3o aumento acima da infla\u00e7\u00e3o\u201d, completou.<\/p>\n<p>A presidenta da Contraf-CUT ressaltou ainda import\u00e2ncia da unidade da categoria para a manuten\u00e7\u00e3o dos direitos. \u201cNossa organiza\u00e7\u00e3o e articula\u00e7\u00e3o nos garantiu a possibilidade de fazermos um acordo para manter nossos direitos at\u00e9 2020. Mas, temos que continuar unidos para defend\u00ea-los\u201d, disse.<\/p>\n<h3><strong>Novos valores<\/strong><\/h3>\n<p>Com o reajuste, os novos pisos de caixa e tesoureiro ap\u00f3s a experi\u00eancia sobem para R$ 3.244,55. O valor do vale-refei\u00e7\u00e3o passa a ser R$ 36,69\/dia e o vale-alimenta\u00e7\u00e3o de R$ 636,18\/m\u00eas.<\/p>\n<p>Confira na tabela abaixo os novos valores previstos nas cl\u00e1usulas econ\u00f4micas da CCT da categoria.<\/p>\n<figure class=\"wp-block-image\"><img decoding=\"async\" class=\"wp-image-274087 lazyloaded\" src=\"https:\/\/contrafcut.com.br\/wp-content\/uploads\/2019\/09\/tabela-de-reajustes-431-1.jpeg?x68908\" sizes=\"(max-width: 668px) 100vw, 668px\" srcset=\"https:\/\/contrafcut.com.br\/wp-content\/uploads\/2019\/09\/tabela-de-reajustes-431-1.jpeg 668w, https:\/\/contrafcut.com.br\/wp-content\/uploads\/2019\/09\/tabela-de-reajustes-431-1-243x230.jpeg 243w\" alt=\"\" data-lazy-srcset=\"https:\/\/contrafcut.com.br\/wp-content\/uploads\/2019\/09\/tabela-de-reajustes-431-1.jpeg 668w, https:\/\/contrafcut.com.br\/wp-content\/uploads\/2019\/09\/tabela-de-reajustes-431-1-243x230.jpeg 243w\" data-lazy-sizes=\"(max-width: 668px) 100vw, 668px\" data-lazy-src=\"https:\/\/contrafcut.com.br\/wp-content\/uploads\/2019\/09\/tabela-de-reajustes-431-1.jpeg?x68908\" data-was-processed=\"true\" \/><\/figure>\n<h3><strong>Impacto econ\u00f4mico da campanha<\/strong><\/h3>\n<p>Em 2018, o reajuste de 5% nos sal\u00e1rios da categoria banc\u00e1ria representou um acr\u00e9scimo anual de cerca de R$ 2,5 bilh\u00f5es na economia. S\u00f3 de PLR, a inje\u00e7\u00e3o na economia foi de cerca de R$ 7,036 bilh\u00f5es em 12 meses. Os aux\u00edlios alimenta\u00e7\u00e3o e refei\u00e7\u00e3o da categoria banc\u00e1ria ter\u00e1 um impacto adicional de R$ 384 milh\u00f5es no ano. Somando o reajuste nos sal\u00e1rios, vales e a PLR total, o impacto da campanha salarial dos banc\u00e1rios 2018 foi de cerca de R$ 9,922 bilh\u00f5es.<\/p>\n<p><strong>Fonte:<\/strong> <strong>Contraf-CUT<\/strong><\/p>\n<p>\u00a0<\/p>\n<\/div>\n<\/div>\n","protected":false},"excerpt":{"rendered":"<p>O Instituto Brasileiro de Geografia e Estat\u00edstica (IBGE) divulgou nesta sexta-feira (6) o \u00cdndice Nacional de Pre\u00e7os ao Consumidor (INPC) de agosto, que regula o reajuste da categoria banc\u00e1ria. Em agosto, o \u00edndice ficou em 0,12%. O acumulado em 12 meses ficou em 3,28%. Com isso, j\u00e1 contando o aumento real de 1%, definido na [&hellip;]<\/p>\n","protected":false},"author":2,"featured_media":7494,"comment_status":"","ping_status":"","sticky":false,"template":"","format":"standard","meta":{"footnotes":""},"categories":[3],"tags":[],"class_list":["post-7495","post","type-post","status-publish","format-standard","has-post-thumbnail","hentry","category-noticias"],"_links":{"self":[{"href":"https:\/\/hostnetart.com.br\/baixada\/wp-json\/wp\/v2\/posts\/7495","targetHints":{"allow":["GET"]}}],"collection":[{"href":"https:\/\/hostnetart.com.br\/baixada\/wp-json\/wp\/v2\/posts"}],"about":[{"href":"https:\/\/hostnetart.com.br\/baixada\/wp-json\/wp\/v2\/types\/post"}],"author":[{"embeddable":true,"href":"https:\/\/hostnetart.com.br\/baixada\/wp-json\/wp\/v2\/users\/2"}],"replies":[{"embeddable":true,"href":"https:\/\/hostnetart.com.br\/baixada\/wp-json\/wp\/v2\/comments?post=7495"}],"version-history":[{"count":0,"href":"https:\/\/hostnetart.com.br\/baixada\/wp-json\/wp\/v2\/posts\/7495\/revisions"}],"wp:featuredmedia":[{"embeddable":true,"href":"https:\/\/hostnetart.com.br\/baixada\/wp-json\/wp\/v2\/media\/7494"}],"wp:attachment":[{"href":"https:\/\/hostnetart.com.br\/baixada\/wp-json\/wp\/v2\/media?parent=7495"}],"wp:term":[{"taxonomy":"category","embeddable":true,"href":"https:\/\/hostnetart.com.br\/baixada\/wp-json\/wp\/v2\/categories?post=7495"},{"taxonomy":"post_tag","embeddable":true,"href":"https:\/\/hostnetart.com.br\/baixada\/wp-json\/wp\/v2\/tags?post=7495"}],"curies":[{"name":"wp","href":"https:\/\/api.w.org\/{rel}","templated":true}]}}