{"id":7493,"date":"2019-09-06T23:04:16","date_gmt":"2019-09-07T02:04:16","guid":{"rendered":"https:\/\/hostnetart.com.br\/baixada\/reforma-da-previdencia-mercado-financeiro-transforma-o-pais-no-paraiso-do-rentismo\/"},"modified":"2019-09-06T23:04:16","modified_gmt":"2019-09-07T02:04:16","slug":"reforma-da-previdencia-mercado-financeiro-transforma-o-pais-no-paraiso-do-rentismo","status":"publish","type":"post","link":"https:\/\/hostnetart.com.br\/baixada\/reforma-da-previdencia-mercado-financeiro-transforma-o-pais-no-paraiso-do-rentismo\/","title":{"rendered":"Reforma da Previd\u00eancia: \u2018mercado financeiro transforma o pa\u00eds no para\u00edso do rentismo\u2019"},"content":{"rendered":"<p>Apesar das mudan\u00e7as promovidas pela C\u00e2mara e Senado no texto original apresentado pelo governo Bolsonaro na chamada \u201creforma da Previd\u00eancia, a proposta ainda \u00e9 \u201cmuito lesiva\u201d para os trabalhadores em geral, segundo a economista e coordenadora da Auditoria Cidad\u00e3 da D\u00edvida P\u00fablica,\u00a0<a href=\"https:\/\/www.redebrasilatual.com.br\/economia\/2019\/05\/reforma-da-previdencia-tem-que-ser-ingenuo-e-desinformado-para-acreditar-na-proposta-do-governo\/\" target=\"_blank\" rel=\"noopener noreferrer\">Maria Lucia Fattorelli<\/a>. Em vez de tirar cerca de R$ 1 trilh\u00e3o dos mais pobres \u2013 manobra que o governo chama de \u201ceconomia\u201d\u2013, transferindo esses recurso para o mercado financeiro, bastaria instituir a cobran\u00e7a de impostos sobre grandes fortunas e tamb\u00e9m sobre a distribui\u00e7\u00e3o de lucros das empresas.<\/p>\n<p>\u201cSe precisamos de R$ 1 trilh\u00e3o a mais no Or\u00e7amento, porque n\u00e3o cobramos tributos, como imposto sobre as grandes fortunas e acabamos com a isen\u00e7\u00e3o (tribut\u00e1ria) abusiva e absurda da distribui\u00e7\u00e3o de lucros? S\u00f3 essas duas propostas gerariam em dez anos receitas de R$ 1,25 trilh\u00e3o, ou seja, R$ 250 milh\u00f5es a mais que esse projeto de destrui\u00e7\u00e3o da Previd\u00eancia, que se cobraria dos ricos, e n\u00e3o dos pobres\u201d, questiona ela, em entrevista ao jornalista Glauco Faria, para o\u00a0<a href=\"https:\/\/www.youtube.com\/watch?v=wyKxdP-4TpI\" target=\"_blank\" rel=\"noopener noreferrer\"><em>Jornal Brasil Atual<\/em><\/a>\u00a0desta sexta-feira (6).<\/p>\n<p>Para a economista, a crise fiscal usada pelo governo e pela m\u00eddia tradicional para justificar a necessidade de ajustar as contas p\u00fablicas foi\u00a0<a href=\"https:\/\/www.redebrasilatual.com.br\/economia\/2019\/03\/governo-deve-parar-de-remunerar-sobra-de-caixa-dos-bancos-em-vez-atacar-previdencia\/\" target=\"_blank\" rel=\"noopener noreferrer\">artificialmente criada<\/a>\u00a0pelas pol\u00edticas monet\u00e1rias adotadas pelo Banco Central (BC) nos \u00faltimos anos. \u201cO que tivemos foi uma redu\u00e7\u00e3o das receitas em decorr\u00eancia dessa crise fabricada. Esse cen\u00e1rio foi produzido para justificar o cen\u00e1rio de desmonte. O que se quer n\u00e3o \u00e9 economizar. \u00c9 tirar quase R$ 1 trilh\u00e3o das m\u00e3os das pessoas. Quando Guedes fala em economizar, est\u00e1 tirando um R$ trilh\u00e3o das pessoas que recebem aposentadorias, pens\u00f5es e os demais benef\u00edcios da Seguridade Social.\u201d<\/p>\n<p>Maria Lucia destaca estudo elaborado pelo Instituto de Pesquisa Econ\u00f4mica Aplicada (Ipea) que mostra que, entre as d\u00e9cadas de 1970 e 1990, foram desviados para outras finalidades cerca de R$ 1,6 trilh\u00e3o de recursos da Previd\u00eancia Social.<\/p>\n<p>Segundo ela, a\u00a0<a href=\"https:\/\/www.redebrasilatual.com.br\/economia\/2019\/06\/reforma-previdencia-capitalizacao\/\" target=\"_blank\" rel=\"noopener noreferrer\">\u201creforma\u201d<\/a>, que agora tramita no Senado, retira direitos garantidos na Constitui\u00e7\u00e3o Federal, que prev\u00ea a busca pelo desenvolvimento socioecon\u00f4mico inclusivo, que garanta vida digna a todos os brasileiros. \u201cO que est\u00e1 valendo nesse pa\u00eds \u00e9 a vontade do mercado financeiro, que usa o BC para fazer as pol\u00edticas do seu interesse, transformando o Brasil no pa\u00eds do rentismo, que joga as empresas na fal\u00eancia e o povo no desemprego, na informalidade e na mis\u00e9ria. \u00c9 preciso que a popula\u00e7\u00e3o brasileira acorde.\u201d<\/p>\n<h3>Sa\u00edda<\/h3>\n<p>Segundo a economista da\u00a0<a href=\"https:\/\/auditoriacidada.org.br\/\" target=\"_blank\" rel=\"noopener noreferrer\">Auditoria Cidad\u00e3<\/a>, a verdadeira reforma que o Brasil precisa \u00e9 a que acabe com a\u00a0<a href=\"https:\/\/www.redebrasilatual.com.br\/economia\/2019\/05\/reforma-tributaria-impediria-retrocessos-previstos-na-proposta-da-previdencia\/\" target=\"_blank\" rel=\"noopener noreferrer\">regressividade<\/a>\u00a0do nosso modelo tribut\u00e1rio, que vai pesar mais os impostos para quem ganha menos, enquanto praticamente isenta as camadas mais ricas das popula\u00e7\u00e3o. \u201cO Ita\u00fa, por exemplo, tem lucro absurdo de dezenas de bilh\u00f5es de reais todos os anos. Os s\u00f3cios que recebem esses bilh\u00f5es s\u00e3o isentos n\u00e3o pagam nada de tributa\u00e7\u00e3o. N\u00e3o pagam contribui\u00e7\u00e3o social para a Previd\u00eancia, \u2013 como pagam os trabalhadores \u2013 n\u00e3o pagam imposto de renda, como pagam aqueles que ganham acima de R$ 2 mil. Por isso que a concentra\u00e7\u00e3o de renda no Brasil \u00e9 essa indec\u00eancia, a maior do planeta, a dist\u00e2ncia mais cruel entre ricos e pobres.\u201d<\/p>\n<h3>\u201cReforma\u201d tribut\u00e1ria<\/h3>\n<p>Outra mudan\u00e7a que deve afetar o sistema de Seguridade Social \u00e9 a proposta de \u201creforma\u201d do sistema tribut\u00e1rio. Vendida como uma ideia que vai \u201csimplificar\u201d os impostos no pa\u00eds, o projeto, em discuss\u00e3o no Congresso Nacional, vai desvincular recursos, pois pretende transformar as contribui\u00e7\u00f5es \u2013 como a\u00a0Contribui\u00e7\u00e3o para o Financiamento da Seguridade Social (Cofins) \u2013 em imposto.\u00a0\u201cQuando se muda a natureza do tributo, deixando de ser contribui\u00e7\u00e3o e passando a ser imposto, muda-se a destina\u00e7\u00e3o dessa arrecada\u00e7\u00e3o. Enquanto \u00e9 contribui\u00e7\u00e3o, a destina\u00e7\u00e3o \u00e9 constitucionalmente vinculada, por causa da natureza do tributo. Quando passa a ser imposto, o produto da arrecada\u00e7\u00e3o cai num caixa \u00fanico das contas do governo, com vincula\u00e7\u00e3o proibida pela Constitui\u00e7\u00e3o\u201d, explica.<\/p>\n<p><strong>Fonte: Rede Brasil Atual<\/strong><\/p>\n<p>\u00a0<\/p>\n","protected":false},"excerpt":{"rendered":"<p>Apesar das mudan\u00e7as promovidas pela C\u00e2mara e Senado no texto original apresentado pelo governo Bolsonaro na chamada \u201creforma da Previd\u00eancia, a proposta ainda \u00e9 \u201cmuito lesiva\u201d para os trabalhadores em geral, segundo a economista e coordenadora da Auditoria Cidad\u00e3 da D\u00edvida P\u00fablica,\u00a0Maria Lucia Fattorelli. Em vez de tirar cerca de R$ 1 trilh\u00e3o dos mais [&hellip;]<\/p>\n","protected":false},"author":2,"featured_media":7492,"comment_status":"","ping_status":"","sticky":false,"template":"","format":"standard","meta":{"footnotes":""},"categories":[3],"tags":[],"class_list":["post-7493","post","type-post","status-publish","format-standard","has-post-thumbnail","hentry","category-noticias"],"_links":{"self":[{"href":"https:\/\/hostnetart.com.br\/baixada\/wp-json\/wp\/v2\/posts\/7493","targetHints":{"allow":["GET"]}}],"collection":[{"href":"https:\/\/hostnetart.com.br\/baixada\/wp-json\/wp\/v2\/posts"}],"about":[{"href":"https:\/\/hostnetart.com.br\/baixada\/wp-json\/wp\/v2\/types\/post"}],"author":[{"embeddable":true,"href":"https:\/\/hostnetart.com.br\/baixada\/wp-json\/wp\/v2\/users\/2"}],"replies":[{"embeddable":true,"href":"https:\/\/hostnetart.com.br\/baixada\/wp-json\/wp\/v2\/comments?post=7493"}],"version-history":[{"count":0,"href":"https:\/\/hostnetart.com.br\/baixada\/wp-json\/wp\/v2\/posts\/7493\/revisions"}],"wp:featuredmedia":[{"embeddable":true,"href":"https:\/\/hostnetart.com.br\/baixada\/wp-json\/wp\/v2\/media\/7492"}],"wp:attachment":[{"href":"https:\/\/hostnetart.com.br\/baixada\/wp-json\/wp\/v2\/media?parent=7493"}],"wp:term":[{"taxonomy":"category","embeddable":true,"href":"https:\/\/hostnetart.com.br\/baixada\/wp-json\/wp\/v2\/categories?post=7493"},{"taxonomy":"post_tag","embeddable":true,"href":"https:\/\/hostnetart.com.br\/baixada\/wp-json\/wp\/v2\/tags?post=7493"}],"curies":[{"name":"wp","href":"https:\/\/api.w.org\/{rel}","templated":true}]}}