{"id":7491,"date":"2019-09-06T23:03:16","date_gmt":"2019-09-07T02:03:16","guid":{"rendered":"https:\/\/hostnetart.com.br\/baixada\/contraf-cut-disponibiliza-jornal-nossa-luta-e-para-os-empregados-da-caixa\/"},"modified":"2019-09-06T23:03:16","modified_gmt":"2019-09-07T02:03:16","slug":"contraf-cut-disponibiliza-jornal-nossa-luta-e-para-os-empregados-da-caixa","status":"publish","type":"post","link":"https:\/\/hostnetart.com.br\/baixada\/contraf-cut-disponibiliza-jornal-nossa-luta-e-para-os-empregados-da-caixa\/","title":{"rendered":"Contraf-CUT disponibiliza Jornal Nossa Luta \u00e9 para os empregados da Caixa"},"content":{"rendered":"<p>A Confedera\u00e7\u00e3o Nacional dos Trabalhadores do Ramo Financeiro (Contraf-CUT) disponibiliza em seu site a primeira edi\u00e7\u00e3o do Jornal Nossa Luta \u00c9. Pensado pela Comiss\u00e3o Executiva dos Empregados (CEE) da Caixa, a publica\u00e7\u00e3o visa dar subs\u00eddios para os dirigentes sindicais trabalharem juntos aos empregados de suas bases.<\/p>\n<p>Dion\u00edsio Reis, coordenador da CCE\/Caixa, explica que ser\u00e3o quatro fasc\u00edculos divididos pelas principais resolu\u00e7\u00f5es tiradas durante o 35\u00ba Congresso Nacional dos Empregados da Caixa Econ\u00f4mica Federal (Conecef), realizado em S\u00e3o Paulo, entre os dias 1 e 2 de agosto. \u201cNesta primeira edi\u00e7\u00e3o, destacamos a import\u00e2ncia do acordo de dois anos, que nos garantiu o pagamento da PLR e aumento real de 1%. Contamos tamb\u00e9m um pouco do que foi definido no Conecef. Nos pr\u00f3ximos, faremos uma abordagem mais espec\u00edfica em cada assunto.\u201d<\/p>\n<p>O Jornal Nossa Luta \u00e9 pode ser lido na se\u00e7\u00e3o Publica\u00e7\u00f5es do site e baixado, nas vers\u00f5es gr\u00e1fica e Bir\u00f4, na \u00e1rea de acesso restrito.<\/p>\n<p><strong>Fonte: Contraf-CUT<\/strong><\/p>\n","protected":false},"excerpt":{"rendered":"<p>A Confedera\u00e7\u00e3o Nacional dos Trabalhadores do Ramo Financeiro (Contraf-CUT) disponibiliza em seu site a primeira edi\u00e7\u00e3o do Jornal Nossa Luta \u00c9. Pensado pela Comiss\u00e3o Executiva dos Empregados (CEE) da Caixa, a publica\u00e7\u00e3o visa dar subs\u00eddios para os dirigentes sindicais trabalharem juntos aos empregados de suas bases. Dion\u00edsio Reis, coordenador da CCE\/Caixa, explica que ser\u00e3o quatro [&hellip;]<\/p>\n","protected":false},"author":2,"featured_media":7490,"comment_status":"","ping_status":"","sticky":false,"template":"","format":"standard","meta":{"footnotes":""},"categories":[3],"tags":[],"class_list":["post-7491","post","type-post","status-publish","format-standard","has-post-thumbnail","hentry","category-noticias"],"_links":{"self":[{"href":"https:\/\/hostnetart.com.br\/baixada\/wp-json\/wp\/v2\/posts\/7491","targetHints":{"allow":["GET"]}}],"collection":[{"href":"https:\/\/hostnetart.com.br\/baixada\/wp-json\/wp\/v2\/posts"}],"about":[{"href":"https:\/\/hostnetart.com.br\/baixada\/wp-json\/wp\/v2\/types\/post"}],"author":[{"embeddable":true,"href":"https:\/\/hostnetart.com.br\/baixada\/wp-json\/wp\/v2\/users\/2"}],"replies":[{"embeddable":true,"href":"https:\/\/hostnetart.com.br\/baixada\/wp-json\/wp\/v2\/comments?post=7491"}],"version-history":[{"count":0,"href":"https:\/\/hostnetart.com.br\/baixada\/wp-json\/wp\/v2\/posts\/7491\/revisions"}],"wp:featuredmedia":[{"embeddable":true,"href":"https:\/\/hostnetart.com.br\/baixada\/wp-json\/wp\/v2\/media\/7490"}],"wp:attachment":[{"href":"https:\/\/hostnetart.com.br\/baixada\/wp-json\/wp\/v2\/media?parent=7491"}],"wp:term":[{"taxonomy":"category","embeddable":true,"href":"https:\/\/hostnetart.com.br\/baixada\/wp-json\/wp\/v2\/categories?post=7491"},{"taxonomy":"post_tag","embeddable":true,"href":"https:\/\/hostnetart.com.br\/baixada\/wp-json\/wp\/v2\/tags?post=7491"}],"curies":[{"name":"wp","href":"https:\/\/api.w.org\/{rel}","templated":true}]}}