{"id":7487,"date":"2019-09-05T20:09:14","date_gmt":"2019-09-05T23:09:14","guid":{"rendered":"https:\/\/hostnetart.com.br\/baixada\/eduardo-moreira-pais-que-nao-enfrenta-desigualdade-nao-combate-corrupcao\/"},"modified":"2019-09-05T20:09:14","modified_gmt":"2019-09-05T23:09:14","slug":"eduardo-moreira-pais-que-nao-enfrenta-desigualdade-nao-combate-corrupcao","status":"publish","type":"post","link":"https:\/\/hostnetart.com.br\/baixada\/eduardo-moreira-pais-que-nao-enfrenta-desigualdade-nao-combate-corrupcao\/","title":{"rendered":"Eduardo Moreira: pa\u00eds que n\u00e3o enfrenta desigualdade n\u00e3o combate corrup\u00e7\u00e3o"},"content":{"rendered":"<p>\u201cQuando falo que a desigualdade \u00e9 o maior problema que a gente tem no Brasil, n\u00e3o estou exagerando. Vemos isso na experi\u00eancia internacional.\u201d\u00a0A afirma\u00e7\u00e3o \u00e9 do engenheiro e ex-banqueiro de investimentos Eduardo Moreira, para quem o desafio mais urgente do pa\u00eds \u00e9 insistir na busca de formas de combater essa desigualdade.\u00a0\u201cS\u00f3 que a gente n\u00e3o discute esse problema, parece que nem sequer compreende ou conhece. E isso deveria ser um esfor\u00e7o de todos n\u00f3s: compreender o pa\u00eds em que vivemos antes de falar qual a solu\u00e7\u00e3o que a gente acha para mud\u00e1-lo\u201d, afirma Moreira em entrevista ao jornalista Glauco Faria, no <em><a href=\"https:\/\/www.redebrasilatual.com.br\/tag\/jornal-brasil-atual\/\" target=\"_blank\" rel=\"noopener noreferrer\"><strong>Jornal Brasil Atual<\/strong><\/a>.<\/em><\/p>\n<p>Ele destaca que a desigualdade se relaciona com diversas outras quest\u00f5es, como aquela que costuma ganhar os holofotes da m\u00eddia tradicional, a corrup\u00e7\u00e3o. \u201cQuando voc\u00ea olha o ranking dos pa\u00edses que mais lutam contra a desigualdade e o ranking dos pa\u00edses menos corruptos do mundo, os dois s\u00e3o quase iguais. Quando voc\u00ea olha os melhores sistemas de educa\u00e7\u00e3o e de sa\u00fade, e os mais seguros do mundo, os rankings tamb\u00e9m s\u00e3o quase iguais.\u201d<\/p>\n<p>Segundo Moreira, os \u00edndices que medem a desigualdade s\u00e3o compostos por tr\u00eas elementos de uma forma geral: os direitos trabalhistas do pa\u00eds, o sistema de seguridade social e a progressividade tribut\u00e1ria. \u201cOs pa\u00edses que mais se esfor\u00e7am para fazer com que a desigualdade seja menor, atacando essas tr\u00eas frentes, est\u00e3o melhores no ranking\u201d, explica ele, que tamb\u00e9m \u00e9 autor do livro <a href=\"http:\/\/www.record.com.br\/livro_sinopse.asp?id_livro=30421\" target=\"_blank\" rel=\"noopener noreferrer\"><em><span class=\"st\">Desigualdade &amp; Caminhos para uma Sociedade Mais Justa<\/span><\/em><\/a><span class=\"st\">.<\/span><\/p>\n<h3>O exemplo dos pa\u00edses n\u00f3rdicos<\/h3>\n<p>No aspecto de igualdade, os pa\u00edses n\u00f3rdicos s\u00e3o refer\u00eancia, mas para se chegar a esse patamar foi necess\u00e1rio empreender diversos esfor\u00e7os. \u201cVeja a Noruega, que h\u00e1 cem anos era o pa\u00eds mais pobre do norte da Europa. Foi o \u00faltimo pa\u00eds a se tornar independente e, na d\u00e9cada de 30, quando os trabalhadores pequenos e m\u00e9dios tomam o poder dos conservadores e liberais, p\u00f5em tr\u00eas principais objetivos: a busca do pleno emprego, a universalidade do ensino e da sa\u00fade. Em cem anos, eles se tornaram o pa\u00eds com o maior IDH do mundo\u201d, exemplifica.<\/p>\n<p>\u201cAlgumas pessoas v\u00e3o falar que eles t\u00eam petr\u00f3leo, mas a Venezuela tamb\u00e9m tem. A Su\u00e9cia n\u00e3o, e fez a mesma coisa na d\u00e9cada de 30. Com uma luta inclusive que \u00e9 retratada num filme antigo, <em>\u00c5dalen 31<\/em>, onde at\u00e9 morreram pessoas em uma greve geral que houve no pa\u00eds e come\u00e7ou com os mesmos objetivos noruegueses. E a Su\u00e9cia se tornou um dos pa\u00edses com maior IDH do mundo tamb\u00e9m.\u201d<\/p>\n<p>Ainda que seja um processo que pode ser lento, trata-se de um desafio urgente para o Brasil. \u201cEnt\u00e3o, cem anos s\u00e3o quatro gera\u00e7\u00f5es. \u00c9 um tempo muito curto historicamente\u201d, diz, referindo-se ao que aconteceu na Su\u00e9cia e Noruega. \u201cN\u00e3o estarei mais aqui, vivo, mas se n\u00e3o tivermos o m\u00ednimo de dever c\u00edvico e senso de ser um elo nessa vida que passa atrav\u00e9s de n\u00f3s, de ser um peda\u00e7o dessa hist\u00f3ria, a gente n\u00e3o vai fazer isso. Se compreendermos nossa import\u00e2ncia para fazer com que esse processo aconte\u00e7a por meio de n\u00f3s, com um esp\u00edrito mais coletivo e solid\u00e1rio, mais humano at\u00e9\u2026 A gente precisa come\u00e7ar a fazer isso pelos filhos dos nossos filhos.\u201d<\/p>\n<p>Hoje, as diferen\u00e7as entre o Brasil e os pa\u00edses menos desiguais \u00e9 gritante. \u201cNo Brasil, voc\u00ea demora nove gera\u00e7\u00f5es, se voc\u00ea nasce entre os 10% mais pobres, para chegar at\u00e9 a renda m\u00e9dia do pa\u00eds. Nove gera\u00e7\u00f5es s\u00e3o 225 anos. Somos os vice campe\u00f5es mundiais nisso, s\u00f3 perdemos para a Col\u00f4mbia. Em pa\u00edses como Su\u00e9cia e Dinamarca, demoram duas ou tr\u00eas gera\u00e7\u00f5es para os indiv\u00edduos mais pobres chegarem \u00e0 renda m\u00e9dia\u201d, diz. \u201cDeveria ser nossa preocupa\u00e7\u00e3o agora. O mais legal \u00e9 que n\u00e3o precisamos chegar a cem anos para dizer que ficou bom, quando come\u00e7armos a melhorar, amanh\u00e3 j\u00e1 est\u00e1 melhor e essa esperan\u00e7a que passamos a ter, faz a vida, hoje, muito melhor. \u00c9 a esperan\u00e7a que nos falta hoje.\u201d<\/p>\n<h3>Uma reforma tribut\u00e1ria verdadeira<\/h3>\n<p>Um dos principais pontos a ser modificado para que o Brasil consiga reduzir seus vergonhosos \u00edndices de desigualdade \u00e9 o modelo tribut\u00e1rio. Isso porque o atual se caracteriza por seu car\u00e1ter regressivo, ou seja, pesa muito mais sobre os mais pobres do que sobre os mais ricos. Moreira destaca que a proposta em discuss\u00e3o atualmente se refere basicamente a uma simplifica\u00e7\u00e3o tribut\u00e1ria, o que tamb\u00e9m \u00e9 algo bem-vindo, por conta da complexidade da legisla\u00e7\u00e3o que tira a efici\u00eancia do sistema. Mas n\u00e3o \u00e9 o suficiente.<\/p>\n<p>\u201cO nosso maior problema n\u00e3o \u00e9 simplificar os nossos impostos, isso vai melhorar s\u00f3 para as pessoas com situa\u00e7\u00e3o privilegiada no pa\u00eds. N\u00f3s temos que fazer a m\u00e1quina deixar de tirar dinheiro dos mais pobres e dar para os mais ricos, al\u00e9m de tirar recursos dos mais ricos e redistribuir entre os mais pobres, para continuarmos sendo uma na\u00e7\u00e3o forte. Somos um grupo fr\u00e1gil enquanto tivermos milh\u00f5es de pessoas vivendo abaixo da linha de pobreza, milh\u00f5es de pessoas largadas nas ruas enquanto a gente passa olhando para o lado e n\u00e3o se preocupa com isso\u201d, pontua.<\/p>\n<p>Com o atual modelo, o pa\u00eds tem, na pr\u00e1tica um sistema que perpetua as desigualdades. \u201cO Brasil \u00e9 um dos pa\u00edses que mais cobra impostos sobre consumo e o que menos cobra impostos sobre renda, ganho de capital e dividendos. Ou seja, n\u00e3o taxamos os ricos e taxamos muito os pobres. E para onde vai o dinheiro dos pobres? Vai para pagar os juros da d\u00edvida. Que est\u00e1 nas m\u00e3os de quem? Dos ricos. \u00c9 uma m\u00e1quina perfeita de desigualdade, tira dinheiro de onde quase n\u00e3o tem e d\u00e1 para onde existe em excesso, parado nas contas do banco e sem contribuir em nada para o desenvolvimento do pa\u00eds.\u201d<\/p>\n<h3 style=\"text-align: center;\">Confira \u00edntegra da entrevista de Eduardo Moreira: <a href=\"https:\/\/www.youtube.com\/watch?v=gzPm0i9NpYY\">https:\/\/www.youtube.com\/watch?v=gzPm0i9NpYY<\/a><\/h3>\n<p>\u00a0<\/p>\n<p><strong>Fonte: Rede Brasil Atual<\/strong><\/p>\n","protected":false},"excerpt":{"rendered":"<p>\u201cQuando falo que a desigualdade \u00e9 o maior problema que a gente tem no Brasil, n\u00e3o estou exagerando. Vemos isso na experi\u00eancia internacional.\u201d\u00a0A afirma\u00e7\u00e3o \u00e9 do engenheiro e ex-banqueiro de investimentos Eduardo Moreira, para quem o desafio mais urgente do pa\u00eds \u00e9 insistir na busca de formas de combater essa desigualdade.\u00a0\u201cS\u00f3 que a gente n\u00e3o [&hellip;]<\/p>\n","protected":false},"author":2,"featured_media":7486,"comment_status":"","ping_status":"","sticky":false,"template":"","format":"standard","meta":{"footnotes":""},"categories":[3],"tags":[],"class_list":["post-7487","post","type-post","status-publish","format-standard","has-post-thumbnail","hentry","category-noticias"],"_links":{"self":[{"href":"https:\/\/hostnetart.com.br\/baixada\/wp-json\/wp\/v2\/posts\/7487","targetHints":{"allow":["GET"]}}],"collection":[{"href":"https:\/\/hostnetart.com.br\/baixada\/wp-json\/wp\/v2\/posts"}],"about":[{"href":"https:\/\/hostnetart.com.br\/baixada\/wp-json\/wp\/v2\/types\/post"}],"author":[{"embeddable":true,"href":"https:\/\/hostnetart.com.br\/baixada\/wp-json\/wp\/v2\/users\/2"}],"replies":[{"embeddable":true,"href":"https:\/\/hostnetart.com.br\/baixada\/wp-json\/wp\/v2\/comments?post=7487"}],"version-history":[{"count":0,"href":"https:\/\/hostnetart.com.br\/baixada\/wp-json\/wp\/v2\/posts\/7487\/revisions"}],"wp:featuredmedia":[{"embeddable":true,"href":"https:\/\/hostnetart.com.br\/baixada\/wp-json\/wp\/v2\/media\/7486"}],"wp:attachment":[{"href":"https:\/\/hostnetart.com.br\/baixada\/wp-json\/wp\/v2\/media?parent=7487"}],"wp:term":[{"taxonomy":"category","embeddable":true,"href":"https:\/\/hostnetart.com.br\/baixada\/wp-json\/wp\/v2\/categories?post=7487"},{"taxonomy":"post_tag","embeddable":true,"href":"https:\/\/hostnetart.com.br\/baixada\/wp-json\/wp\/v2\/tags?post=7487"}],"curies":[{"name":"wp","href":"https:\/\/api.w.org\/{rel}","templated":true}]}}