{"id":7485,"date":"2019-09-05T20:07:49","date_gmt":"2019-09-05T23:07:49","guid":{"rendered":"https:\/\/hostnetart.com.br\/baixada\/25-grito-dos-excluidos-critica-sistema-economico-atual\/"},"modified":"2019-09-05T20:07:49","modified_gmt":"2019-09-05T23:07:49","slug":"25-grito-dos-excluidos-critica-sistema-economico-atual","status":"publish","type":"post","link":"https:\/\/hostnetart.com.br\/baixada\/25-grito-dos-excluidos-critica-sistema-economico-atual\/","title":{"rendered":"25\u00ba Grito dos Exclu\u00eddos critica sistema econ\u00f4mico atual"},"content":{"rendered":"<div class=\"elementor-element elementor-element-194680ec elementor-widget elementor-widget-theme-post-content\" data-id=\"194680ec\" data-element_type=\"widget\" data-widget_type=\"theme-post-content.default\">\n<div class=\"elementor-widget-container\">\n<p>A 25\u00aa edi\u00e7\u00e3o do Grito dos Exclu\u00eddos acontece nesta sexta-feira, 7 de setembro, com mobiliza\u00e7\u00f5es em todo o pa\u00eds em defesa da vida em primeiro lugar e contra os retrocessos e ataques aos direitos trabalhistas, sociais e humanos, promovidos pelo atual governo.<\/p>\n<p>O conjunto de a\u00e7\u00f5es, articulado pelos movimentos sociais, \u00e9 realizado desde 1995 com o mote \u201cA vida em primeiro lugar\u201d. Neste ano, o grito \u201cEste sistema n\u00e3o vale! Lutamos por justi\u00e7a, direitos e liberdade\u201d, faz uma cr\u00edtica \u00e0 conjuntura pol\u00edtica e econ\u00f4mica.<\/p>\n<p>As atividades ser\u00e3o realizadas por movimentos sociais em todos os estados brasileiros e em mais de 157 cidades.<\/p>\n<h3><strong>Crime em Brumadinho<\/strong><\/h3>\n<p>O 25\u00ba Grito dos Exclu\u00eddos tamb\u00e9m exige a puni\u00e7\u00e3o da Vale do Rio Doce e se manifesta em mem\u00f3ria das v\u00edtimas do desastre criminoso, ocorrido em Brumadinho, Minas Gerais. A trag\u00e9dia, que j\u00e1 havia sido anunciada por entidades dos movimentos sociais, comunit\u00e1rios e sindical, poderia ter sido evitada com manuten\u00e7\u00e3o, investimentos em seguran\u00e7a e fiscaliza\u00e7\u00e3o.<\/p>\n<p><strong>Fonte: Contraf-CUT<\/strong><\/p>\n<\/div>\n<\/div>\n","protected":false},"excerpt":{"rendered":"<p>A 25\u00aa edi\u00e7\u00e3o do Grito dos Exclu\u00eddos acontece nesta sexta-feira, 7 de setembro, com mobiliza\u00e7\u00f5es em todo o pa\u00eds em defesa da vida em primeiro lugar e contra os retrocessos e ataques aos direitos trabalhistas, sociais e humanos, promovidos pelo atual governo. O conjunto de a\u00e7\u00f5es, articulado pelos movimentos sociais, \u00e9 realizado desde 1995 com [&hellip;]<\/p>\n","protected":false},"author":2,"featured_media":7484,"comment_status":"","ping_status":"","sticky":false,"template":"","format":"standard","meta":{"footnotes":""},"categories":[3],"tags":[],"class_list":["post-7485","post","type-post","status-publish","format-standard","has-post-thumbnail","hentry","category-noticias"],"_links":{"self":[{"href":"https:\/\/hostnetart.com.br\/baixada\/wp-json\/wp\/v2\/posts\/7485","targetHints":{"allow":["GET"]}}],"collection":[{"href":"https:\/\/hostnetart.com.br\/baixada\/wp-json\/wp\/v2\/posts"}],"about":[{"href":"https:\/\/hostnetart.com.br\/baixada\/wp-json\/wp\/v2\/types\/post"}],"author":[{"embeddable":true,"href":"https:\/\/hostnetart.com.br\/baixada\/wp-json\/wp\/v2\/users\/2"}],"replies":[{"embeddable":true,"href":"https:\/\/hostnetart.com.br\/baixada\/wp-json\/wp\/v2\/comments?post=7485"}],"version-history":[{"count":0,"href":"https:\/\/hostnetart.com.br\/baixada\/wp-json\/wp\/v2\/posts\/7485\/revisions"}],"wp:featuredmedia":[{"embeddable":true,"href":"https:\/\/hostnetart.com.br\/baixada\/wp-json\/wp\/v2\/media\/7484"}],"wp:attachment":[{"href":"https:\/\/hostnetart.com.br\/baixada\/wp-json\/wp\/v2\/media?parent=7485"}],"wp:term":[{"taxonomy":"category","embeddable":true,"href":"https:\/\/hostnetart.com.br\/baixada\/wp-json\/wp\/v2\/categories?post=7485"},{"taxonomy":"post_tag","embeddable":true,"href":"https:\/\/hostnetart.com.br\/baixada\/wp-json\/wp\/v2\/tags?post=7485"}],"curies":[{"name":"wp","href":"https:\/\/api.w.org\/{rel}","templated":true}]}}