{"id":7483,"date":"2019-09-05T20:05:37","date_gmt":"2019-09-05T23:05:37","guid":{"rendered":"https:\/\/hostnetart.com.br\/baixada\/setembro-e-mes-de-defesa-da-cassi\/"},"modified":"2019-09-05T20:05:37","modified_gmt":"2019-09-05T23:05:37","slug":"setembro-e-mes-de-defesa-da-cassi","status":"publish","type":"post","link":"https:\/\/hostnetart.com.br\/baixada\/setembro-e-mes-de-defesa-da-cassi\/","title":{"rendered":"Setembro \u00e9 \u201cM\u00eas de defesa da Cassi\u201d"},"content":{"rendered":"<div class=\"elementor-element elementor-element-194680ec elementor-widget elementor-widget-theme-post-content\" data-id=\"194680ec\" data-element_type=\"widget\" data-widget_type=\"theme-post-content.default\">\n<div class=\"elementor-widget-container\">\n<p>Sindicatos dos banc\u00e1rios de todo o pa\u00eds v\u00e3o realizar uma s\u00e9rie de atividades nas ag\u00eancias e departamentos do Banco do Brasil em defesa da Caixa de Assist\u00eancia dos Funcion\u00e1rios do banco (Cassi), que sofre diversos ataques do governo federal.<\/p>\n<p>\u201c\u00c9 importante mostrarmos para os funcion\u00e1rios do banco e, principalmente, para os associados da Cassi, o que est\u00e1 acontecendo com nossa Caixa de Assist\u00eancia, com <a href=\"http:\/\/blogs.correiobraziliense.com.br\/servidor\/impasse-pode-provocar-a-venda-da-cassi-plano-de-saude-dos-funcionarios-do-bb\/#respond\" target=\"_blank\" rel=\"noopener noreferrer\">interven\u00e7\u00e3o da ANS<\/a>, aumento dos valores de coparticipa\u00e7\u00e3o e o risco iminente de liquida\u00e7\u00e3o do nosso plano de sa\u00fade\u201d, explicou o coordenador da Comiss\u00e3o de Empresa dos Funcion\u00e1rios do Banco do Brasil (CEBB), Jo\u00e3o Fukunaga.<\/p>\n<p><a href=\"https:\/\/contrafcut.com.br\/noticias\/bancarios-protestam-em-defesa-da-cassi\/\" target=\"_blank\" rel=\"noopener noreferrer\">As atividades<\/a> fazem parte do calend\u00e1rio definido durante o <a href=\"https:\/\/contrafcut.com.br\/noticias\/plenaria-final-aprova-proposta-do-30o-cnfbb-olivan-faustino\/\" target=\"_blank\" rel=\"noopener noreferrer\">30\u00ba Congresso Nacional dos Funcion\u00e1rios do Banco do Brasil<\/a>, nos dias 1 e 2 de agosto de 2019. Ser\u00e3o reuni\u00f5es espec\u00edficas nos locais de trabalho e plen\u00e1rias para aprofundamento das a\u00e7\u00f5es em defesa da Cassi. As atividades culminar\u00e3o com encontros estaduais\/regionais e o Encontro Nacional de Sa\u00fade dos Funcion\u00e1rios do BB, que ocorrer\u00e1 no dia 28 de setembro, em S\u00e3o Paulo.<\/p>\n<h3><strong>Ataques \u00e0 Cassi<\/strong><\/h3>\n<p>Em junho, o Conselho Deliberativo da Cassi aprovou novo <a href=\"https:\/\/contrafcut.com.br\/noticias\/cassi-novo-aumento-de-coparticipacao-fere-acordos-anteriores\/\" target=\"_blank\" rel=\"noopener noreferrer\">aumento na coparticipa\u00e7\u00e3o<\/a> sobre exames e consultas. Os associados passam a ter que pagar 50% do valor de consultas de emerg\u00eancia, ou n\u00e3o, sess\u00f5es de psicoterapia e acupuntura e visitas domiciliares, e 30% dos servi\u00e7os de fisioterapia, RPG, fonoaudiologia e terapia ocupacional que n\u00e3o envolvam interna\u00e7\u00e3o hospitalar.<\/p>\n<p>Os aumentos da coparticipa\u00e7\u00e3o estavam condicionados ao aporte de recursos pelo BB na Cassi. Mas, at\u00e9 o momento o banco n\u00e3o se manifestou. Por isso, o n\u00e3o houve o reajuste.<\/p>\n<p>Desde julho, a Cassi est\u00e1 sob <a href=\"https:\/\/contrafcut.com.br\/noticias\/contraf-cut-cobra-reuniao-para-esclarecimentos-da-intervencao-da-ans-na-cassi\/\" target=\"_blank\" rel=\"noopener noreferrer\">interven\u00e7\u00e3o da Ag\u00eancia Nacional de Sa\u00fade Suplementar (ANS)<\/a>, que nomeou uma interventora ligada ao mercado de sa\u00fade privada, alinhada ideologicamente com o mercado e com hist\u00f3rico de liquida\u00e7\u00e3o de planos de sa\u00fade no curr\u00edculo. Tal indica\u00e7\u00e3o \u00e9 uma mostra de que a Cassi est\u00e1 na mira do governo federal e pode ir \u00e0 liquida\u00e7\u00e3o.<\/p>\n<h3><strong>Material de apoio<\/strong><\/h3>\n<p>A Confedera\u00e7\u00e3o Nacional dos Trabalhadores do Ramo Financeiro (Contraf-CUT) vai elaborar um boletim O Espelho para contribuir com as atividades a serem realizadas pelos sindicatos.<\/p>\n<p>As federa\u00e7\u00f5es e sindicatos receber\u00e3o a publica\u00e7\u00e3o por e-mail e tamb\u00e9m ter\u00e3o acesso a ela por meio da \u00e1rea restrita do site da Contraf-CUT.<\/p>\n<p>\u201cO material vai conter as informa\u00e7\u00f5es sobre os ataques que est\u00e3o sendo desferidos contra a Cassi para que os sindicatos possam distribuir aos funcion\u00e1rios e os mantenha por dentro de tudo o que est\u00e1 acontecendo\u201d, explicou Fukunaga. \u201cTodos precisam saber que cada um de n\u00f3s temos responsabilidade pela gest\u00e3o da Cassi. Temos que nos apoderar do sistema para enfrentarmos os ataques que buscam acabar com a Cassi e entreg\u00e1-la nas m\u00e3os de sistemas privados de sa\u00fade. Sabemos o custo dos planos privados de sa\u00fade e dos limites que s\u00e3o impostos\u201d, completou.<\/p>\n<p>\u201cPrecisamos nos unir e nos mobilizar pela manuten\u00e7\u00e3o dos nossos direitos em sa\u00fade\u201d, disse o coordenador da CEBB. \u201c\u00c9 importante que todos funcion\u00e1rios participem das atividades e utilizem suas redes sociais para mostrar sua indigna\u00e7\u00e3o. Curtam, comentem e compartilhem as postagens da Contraf-CUT, das federa\u00e7\u00f5es, sindicatos e demais entidades de representa\u00e7\u00e3o. Mostrem para o banco que estamos organizados para defender a nossa Caixa de Assist\u00eancia\u201d, concluiu.<\/p>\n<p><strong>Fonte:<\/strong> <strong>Contraf-CUT<\/strong><\/p>\n<\/div>\n<\/div>\n","protected":false},"excerpt":{"rendered":"<p>Sindicatos dos banc\u00e1rios de todo o pa\u00eds v\u00e3o realizar uma s\u00e9rie de atividades nas ag\u00eancias e departamentos do Banco do Brasil em defesa da Caixa de Assist\u00eancia dos Funcion\u00e1rios do banco (Cassi), que sofre diversos ataques do governo federal. \u201c\u00c9 importante mostrarmos para os funcion\u00e1rios do banco e, principalmente, para os associados da Cassi, o [&hellip;]<\/p>\n","protected":false},"author":2,"featured_media":7482,"comment_status":"","ping_status":"","sticky":false,"template":"","format":"standard","meta":{"footnotes":""},"categories":[3],"tags":[],"class_list":["post-7483","post","type-post","status-publish","format-standard","has-post-thumbnail","hentry","category-noticias"],"_links":{"self":[{"href":"https:\/\/hostnetart.com.br\/baixada\/wp-json\/wp\/v2\/posts\/7483","targetHints":{"allow":["GET"]}}],"collection":[{"href":"https:\/\/hostnetart.com.br\/baixada\/wp-json\/wp\/v2\/posts"}],"about":[{"href":"https:\/\/hostnetart.com.br\/baixada\/wp-json\/wp\/v2\/types\/post"}],"author":[{"embeddable":true,"href":"https:\/\/hostnetart.com.br\/baixada\/wp-json\/wp\/v2\/users\/2"}],"replies":[{"embeddable":true,"href":"https:\/\/hostnetart.com.br\/baixada\/wp-json\/wp\/v2\/comments?post=7483"}],"version-history":[{"count":0,"href":"https:\/\/hostnetart.com.br\/baixada\/wp-json\/wp\/v2\/posts\/7483\/revisions"}],"wp:featuredmedia":[{"embeddable":true,"href":"https:\/\/hostnetart.com.br\/baixada\/wp-json\/wp\/v2\/media\/7482"}],"wp:attachment":[{"href":"https:\/\/hostnetart.com.br\/baixada\/wp-json\/wp\/v2\/media?parent=7483"}],"wp:term":[{"taxonomy":"category","embeddable":true,"href":"https:\/\/hostnetart.com.br\/baixada\/wp-json\/wp\/v2\/categories?post=7483"},{"taxonomy":"post_tag","embeddable":true,"href":"https:\/\/hostnetart.com.br\/baixada\/wp-json\/wp\/v2\/tags?post=7483"}],"curies":[{"name":"wp","href":"https:\/\/api.w.org\/{rel}","templated":true}]}}