{"id":7481,"date":"2019-09-05T15:10:50","date_gmt":"2019-09-05T18:10:50","guid":{"rendered":"https:\/\/hostnetart.com.br\/baixada\/atos-nesta-quinta-feira-em-varias-cidades-do-pais-exigem-a-preservacao-da-amazonia\/"},"modified":"2019-09-05T15:10:50","modified_gmt":"2019-09-05T18:10:50","slug":"atos-nesta-quinta-feira-em-varias-cidades-do-pais-exigem-a-preservacao-da-amazonia","status":"publish","type":"post","link":"https:\/\/hostnetart.com.br\/baixada\/atos-nesta-quinta-feira-em-varias-cidades-do-pais-exigem-a-preservacao-da-amazonia\/","title":{"rendered":"Atos nesta quinta-feira em v\u00e1rias cidades do pa\u00eds exigem a preserva\u00e7\u00e3o da Amaz\u00f4nia"},"content":{"rendered":"<p>Se em anos anteriores, o Dia da Amaz\u00f4nia, 5 de setembro, passou despercebido, desta vez ser\u00e1 diferente. N\u00e3o por um motivo nobre, mas gra\u00e7as \u00e0 crise ambiental em que o governo Bolsonaro jogou o pa\u00eds, com suas declara\u00e7\u00f5es contra as medidas ambientais, o que foi um \u201cacendedor\u201d das queimadas na regi\u00e3o da floresta.<\/p>\n<p>Nesta quinta-feira (5), s\u00e3o realizados atos em v\u00e1rias cidades do pa\u00eds contra a destrui\u00e7\u00e3o da floresta. Haver\u00e1 caminhadas e panfletagens. A atividade tamb\u00e9m vai questionar o impacto de grandes obras para os povos tradicionais (veja agenda abaixo).<\/p>\n<p>Antecipando-se \u00e0 data, o plen\u00e1rio da C\u00e2mara dos Deputados promoveu uma comiss\u00e3o geral na manh\u00e3 desta quarta-feira (4) para debater a preserva\u00e7\u00e3o e a prote\u00e7\u00e3o da Amaz\u00f4nia. Um dos destaques da sess\u00e3o foi a fala do membro da coordena\u00e7\u00e3o nacional do Movimento dos Trabalhadores Rurais Sem Terra (MST), Luiz Zarref.<\/p>\n<p>\u201cSe n\u00f3s queremos falar de conserva\u00e7\u00e3o da Amaz\u00f4nia, \u00e9 fundamental n\u00f3s dizermos quem est\u00e1 atacando e destruindo os nossos territ\u00f3rios. Tem nome. Quem est\u00e1 em cima do trator puxando o corrent\u00e3o \u00e9 o agroneg\u00f3cio. Quem est\u00e1 nas dragas, destruindo os nossos territ\u00f3rios \u00e9 a ind\u00fastria da minera\u00e7\u00e3o. S\u00e3o os megaprojetos de log\u00edstica para roubar os nossos min\u00e9rios, a nossa biodiversidade, que est\u00e3o destruindo a Amaz\u00f4nia\u201d, afirmou.<\/p>\n<p>\u201cAs queimadas que n\u00f3s estamos vendo s\u00e3o uma etapa de um processo que j\u00e1 vem de quatro anos, de viol\u00eancia, de destrui\u00e7\u00e3o dos nossos territ\u00f3rios, de grilagem de terra, de desmatamento. E depois que passar a temporada dessas queimadas hist\u00f3ricas e recordes, mais viol\u00eancia vir\u00e1, portanto, \u00e9 fundamental que n\u00f3s digamos quem s\u00e3o os respons\u00e1veis e quem estimula esses respons\u00e1veis, que \u00e9 o governo Bolsonaro\u201d, disse ainda.<\/p>\n<p>No Amap\u00e1, a mobiliza\u00e7\u00e3o ser\u00e1 no munic\u00edpio de Ferreira Gomes. A proposta, segundo Moroni Bemuyal Guimar\u00e3es, representante do Movimento dos Atingidos por Barragens (MAB), \u00e9 dialogar com secretarias do estado, escolas, representa\u00e7\u00f5es ind\u00edgenas e o sindicato dos servidores federais.<\/p>\n<p>\u201cO Amap\u00e1 \u00e9 o estado mais preservado entre aspas. O agroneg\u00f3cio est\u00e1 chegando com tudo aqui e n\u00f3s temos quatro hidrel\u00e9tricas que tamb\u00e9m vieram causar um grande estrago, principalmente as nossas popula\u00e7\u00f5es ribeirinhas, pescadores, quilombolas e tamb\u00e9m amea\u00e7ando as nossas comunidades ind\u00edgenas\u201d, alerta.<\/p>\n<p>Frede R\u00eanero, da coordena\u00e7\u00e3o do MAB de Itaituba, no Par\u00e1, afirma que os ciclos econ\u00f4micos de explora\u00e7\u00e3o da floresta n\u00e3o trouxeram benef\u00edcios para seus habitantes.<\/p>\n<p>\u201cFazer um ato em defesa da Amaz\u00f4nia \u00e9 muito importante, considerando os v\u00e1rios ciclos econ\u00f4micos que essa regi\u00e3o j\u00e1 viveu, que retiraram o direito do povo dessa regi\u00e3o, e que de fato n\u00e3o melhoraram a vida do povo. A vida dessas popula\u00e7\u00f5es est\u00e1 em risco, porque em grande parte n\u00f3s dependemos da floresta, dependemos da Amaz\u00f4nia para sobreviver\u201d.<\/p>\n<p>Segundo R\u00eanero, os projetos para a Amaz\u00f4nia serviriam apenas aos interesses de grandes grupos econ\u00f4micos.<\/p>\n<p>\u201cUma coisa \u00e9 importante: a gente ajudar a popula\u00e7\u00e3o a refletir, porque a Amaz\u00f4nia tem que servir para melhorar a vida do povo e que ela n\u00e3o tem que servir para melhorar a vida de alguns, que em grande parte s\u00e3o os banqueiros, os grandes fazendeiros, as grandes corpora\u00e7\u00f5es que t\u00eam se apossado e se apropriado do territ\u00f3rio com o intuito de explorar a cada vez mais encher os bolsos de dinheiro\u201d, afirma.<\/p>\n<p>Os atos est\u00e3o confirmadas quatro cidades do Par\u00e1 (Bel\u00e9m, Itaituba, Altamira e Marab\u00e1); em tr\u00eas do Cear\u00e1 ( Fortaleza, Caucaia e Jaguaribara); em Manaus (AM), Macap\u00e1 (AP), Porto Alegre (RS), Porto Velho (RO), Bras\u00edlia m(DF) e S\u00e3o Paulo e Eldorado (SP).<\/p>\n<h5>Programa\u00e7\u00e3o<\/h5>\n<h6><b>Bel\u00e9m do Par\u00e1\u00a0<\/b><\/h6>\n<p>17h \u00e0s 20h \u2013 Mercado de S\u00e3o Br\u00e1s<\/p>\n<p>Ato pol\u00edtico com exposi\u00e7\u00e3o e apresenta\u00e7\u00e3o de grupos populares, incluindo o Batuque das Marias e outros grupos. \u00c0s 20h, haver\u00e1 caminhada at\u00e9 o Museu Em\u00edlio Goeldi, com abra\u00e7o simb\u00f3lico \u00e0 institui\u00e7\u00e3o<\/p>\n<h6><b>Itaituba \u2013 Par\u00e1, dias 5, 6 e 7<\/b><\/h6>\n<p>15h \u2013 Audit\u00f3rio do Sintepp<\/p>\n<p>Aula p\u00fablica no dia 5, seguida de panfletagem no caminho da avenida Get\u00falio Vargas, onde ser\u00e1 realizado o desfile da Semana da P\u00e1tria. No dia 6, a programa\u00e7\u00e3o ser\u00e1 no instituto Federal do Par\u00e1 (IFPA). No dia 7, em articula\u00e7\u00e3o com a Igreja cat\u00f3lica, haver\u00e1 um apelo \u00e0 quest\u00e3o da \u00e1gua pot\u00e1vel e da sua import\u00e2ncia para a Amaz\u00f4nia.<\/p>\n<h6><b>Marab\u00e1 \u2013 Par\u00e1<\/b><\/h6>\n<p>19h \u2013 Vila do Esp\u00edrito Santo<\/p>\n<p>Ato ecum\u00eanico.<\/p>\n<h6><b>Altamira \u2013 Par\u00e1\u00a0<\/b><\/h6>\n<p>8h \u2013 Pra\u00e7a da B\u00edblia<\/p>\n<p>O ato ter\u00e1 participa\u00e7\u00e3o de ativistas, organiza\u00e7\u00f5es populares, professores e estudantes universit\u00e1rios, com aula p\u00fablica na avenida Pedro Gomes.<\/p>\n<h6><b>Ferreira Gomes \u2013 Amap\u00e1\u00a0<\/b><\/h6>\n<p>8h \u2013 Pra\u00e7a do bairro da Montanha<\/p>\n<p>Ato com organiza\u00e7\u00f5es ambientais, estudantis e da juventude, movimento sindical, entidades religiosas, pescadores, ribeirinhos, quilombolas e artistas.<\/p>\n<h6><b>Presidente Figueiredo \u2013 Amazonas\u00a0<\/b><\/h6>\n<p>Vila de Balbina \u2013 hor\u00e1rio ainda n\u00e3o definido<\/p>\n<h6><b>Porto Alegre \u2013 Rio Grande do Sul\u00a0<\/b><\/h6>\n<p>17h \u2013 Esquina democr\u00e1tica<\/p>\n<h6><b>S\u00e3o Paulo \u2013 Capital, dia 5<\/b><\/h6>\n<p>17h \u2013 Na Pra\u00e7a da Rep\u00fablica<\/p>\n<p>Na capital paulista, o evento se une a III Marcha das Mulheres Ind\u00edgenas.<\/p>\n<h6><b>Eldorado \u2013 S\u00e3o Paulo\u00a0<\/b><\/h6>\n<p>9h \u00e0s 12h \u2013 No quilombo do Sapatu.<\/p>\n<h6><b>Bras\u00edlia \u2013 Distrito Federal\u00a0<\/b><\/h6>\n<p>17h \u2013 Concentra\u00e7\u00e3o na Rodovi\u00e1ria do Plano Piloto \u00e0s 17h e caminhada at\u00e9 o Minist\u00e9rio do Meio Ambiente<\/p>\n<p>\u00a0<\/p>\n<p><em>*Com informa\u00e7\u00f5es do Brasil de Fato<\/em><\/p>\n<div class=\"penci-single-link-pages\">\u00a0<\/div>\n<div class=\"style-tag\" style=\"color: #f00; margin-top: -3%;\">\u00a0<\/div>\n<div class=\"style-tag\" style=\"color: #f00; margin-top: -3%;\">Fonte: Rede Brasil Atual<\/div>\n","protected":false},"excerpt":{"rendered":"<p>Se em anos anteriores, o Dia da Amaz\u00f4nia, 5 de setembro, passou despercebido, desta vez ser\u00e1 diferente. N\u00e3o por um motivo nobre, mas gra\u00e7as \u00e0 crise ambiental em que o governo Bolsonaro jogou o pa\u00eds, com suas declara\u00e7\u00f5es contra as medidas ambientais, o que foi um \u201cacendedor\u201d das queimadas na regi\u00e3o da floresta. Nesta quinta-feira [&hellip;]<\/p>\n","protected":false},"author":2,"featured_media":7480,"comment_status":"","ping_status":"","sticky":false,"template":"","format":"standard","meta":{"footnotes":""},"categories":[3],"tags":[],"class_list":["post-7481","post","type-post","status-publish","format-standard","has-post-thumbnail","hentry","category-noticias"],"_links":{"self":[{"href":"https:\/\/hostnetart.com.br\/baixada\/wp-json\/wp\/v2\/posts\/7481","targetHints":{"allow":["GET"]}}],"collection":[{"href":"https:\/\/hostnetart.com.br\/baixada\/wp-json\/wp\/v2\/posts"}],"about":[{"href":"https:\/\/hostnetart.com.br\/baixada\/wp-json\/wp\/v2\/types\/post"}],"author":[{"embeddable":true,"href":"https:\/\/hostnetart.com.br\/baixada\/wp-json\/wp\/v2\/users\/2"}],"replies":[{"embeddable":true,"href":"https:\/\/hostnetart.com.br\/baixada\/wp-json\/wp\/v2\/comments?post=7481"}],"version-history":[{"count":0,"href":"https:\/\/hostnetart.com.br\/baixada\/wp-json\/wp\/v2\/posts\/7481\/revisions"}],"wp:featuredmedia":[{"embeddable":true,"href":"https:\/\/hostnetart.com.br\/baixada\/wp-json\/wp\/v2\/media\/7480"}],"wp:attachment":[{"href":"https:\/\/hostnetart.com.br\/baixada\/wp-json\/wp\/v2\/media?parent=7481"}],"wp:term":[{"taxonomy":"category","embeddable":true,"href":"https:\/\/hostnetart.com.br\/baixada\/wp-json\/wp\/v2\/categories?post=7481"},{"taxonomy":"post_tag","embeddable":true,"href":"https:\/\/hostnetart.com.br\/baixada\/wp-json\/wp\/v2\/tags?post=7481"}],"curies":[{"name":"wp","href":"https:\/\/api.w.org\/{rel}","templated":true}]}}