{"id":7475,"date":"2019-09-05T15:03:52","date_gmt":"2019-09-05T18:03:52","guid":{"rendered":"https:\/\/hostnetart.com.br\/baixada\/empregados-se-mobilizam-contra-o-desmonte-da-caixa\/"},"modified":"2019-09-05T15:03:52","modified_gmt":"2019-09-05T18:03:52","slug":"empregados-se-mobilizam-contra-o-desmonte-da-caixa","status":"publish","type":"post","link":"https:\/\/hostnetart.com.br\/baixada\/empregados-se-mobilizam-contra-o-desmonte-da-caixa\/","title":{"rendered":"Empregados se mobilizam contra o desmonte da Caixa"},"content":{"rendered":"<p>Os empregados da Caixa de todo o Brasil realizaram, nesta quarta-feira (4), um Dia Nacional de Luta contra o desmonte da Caixa. A manifesta\u00e7\u00e3o faz parte do calend\u00e1rio de mobiliza\u00e7\u00e3o nacional da categoria, definido no 35\u00ba Conecef, para denunciar as medidas da atual gest\u00e3o, comandada por Pedro Guimar\u00e3es, presidente do banco, e orientadas pelo governo Jair Bolsonaro.<\/p>\n<p>\u201cAprovamos no 35\u00b0 CONECEF um calend\u00e1rio de lutas em defesa da Caixa 100% P\u00fablica e tamb\u00e9m na defesa dos empregados e seus direitos. Infelizmente, a gest\u00e3o da empresa hoje \u00e9 feita pelo medo. Desestrutura\u00e7\u00e3o de unidades e \u00e1reas e profundo desrespeito aos empregados. Vamos continuar conscientizando e mobiliza\u00e7\u00e3o. A luta \u00e9 de todos os empregados!\u201d, declarou Fabiana Uehara Proscholdt, secret\u00e1ria da Cultura e representantes da Confedera\u00e7\u00e3o Nacional dos Trabalhadores do Ramo Financeiro (Contraf-CUT) nas negocia\u00e7\u00f5es com o banco.<\/p>\n<p>Os empregados da Caixa n\u00e3o aceitam a discrimina\u00e7\u00e3o praticada pela dire\u00e7\u00e3o do banco, que impede novos funcion\u00e1rios de acessarem o Sa\u00fade Caixa, por isso, reivindicam o Sa\u00fade Caixa para todos, pauta que \u00e9 priorit\u00e1ria nas negocia\u00e7\u00f5es da mesa permanente. Eles ainda criticam os processos de reestrutura\u00e7\u00e3o, que amea\u00e7am transferir funcion\u00e1rios de forma arbitr\u00e1ria, centralizar e extinguir setores. As medidas caracterizam inten\u00e7\u00e3o de esvaziar a Caixa, enxugando o banco para uma poss\u00edvel privatiza\u00e7\u00e3o.<\/p>\n<p>O ato tamb\u00e9m serviu para mobilizar banc\u00e1rios e a sociedade em defesa da Caixa 100% p\u00fablica. O governo federal j\u00e1 anunciou interesse em privatizar setores importantes do banco, como cart\u00f5es, assets e a gest\u00e3o do FGTS, al\u00e9m das loterias, cujo leil\u00e3o foi reagendado para o dia 22 de outubro.<\/p>\n<p>Para os empregados, a \u00fanica forma de garantir que a Caixa continue desempenhando sua fun\u00e7\u00e3o social \u00e9 manter o banco 100% p\u00fablico, como patrim\u00f4nio de brasileiros e brasileiras. Hoje, a Caixa \u00e9 o um dos principais agentes do desenvolvimento socioecon\u00f4mico no pa\u00eds. O banco det\u00e9m quase 70% do cr\u00e9dito habitacional total e 90% do cr\u00e9dito para habita\u00e7\u00e3o popular. Tamb\u00e9m \u00e9 reconhecido como o banco da infraestrutura, o \u00fanico que leva saneamento b\u00e1sico, energia e infraestrutura urbana aos munic\u00edpios mais distantes, ao financiar investimentos nesses setores. \u00c9 ainda respons\u00e1vel pela gest\u00e3o de programas de prote\u00e7\u00e3o ao trabalhador, como seguro-desemprego, abono-salarial, FGTS e PIS, entre outros benef\u00edcios.<\/p>\n<p>Fonte: Contraf-CUT<\/p>\n","protected":false},"excerpt":{"rendered":"<p>Os empregados da Caixa de todo o Brasil realizaram, nesta quarta-feira (4), um Dia Nacional de Luta contra o desmonte da Caixa. A manifesta\u00e7\u00e3o faz parte do calend\u00e1rio de mobiliza\u00e7\u00e3o nacional da categoria, definido no 35\u00ba Conecef, para denunciar as medidas da atual gest\u00e3o, comandada por Pedro Guimar\u00e3es, presidente do banco, e orientadas pelo governo [&hellip;]<\/p>\n","protected":false},"author":2,"featured_media":7474,"comment_status":"","ping_status":"","sticky":false,"template":"","format":"standard","meta":{"footnotes":""},"categories":[3],"tags":[],"class_list":["post-7475","post","type-post","status-publish","format-standard","has-post-thumbnail","hentry","category-noticias"],"_links":{"self":[{"href":"https:\/\/hostnetart.com.br\/baixada\/wp-json\/wp\/v2\/posts\/7475","targetHints":{"allow":["GET"]}}],"collection":[{"href":"https:\/\/hostnetart.com.br\/baixada\/wp-json\/wp\/v2\/posts"}],"about":[{"href":"https:\/\/hostnetart.com.br\/baixada\/wp-json\/wp\/v2\/types\/post"}],"author":[{"embeddable":true,"href":"https:\/\/hostnetart.com.br\/baixada\/wp-json\/wp\/v2\/users\/2"}],"replies":[{"embeddable":true,"href":"https:\/\/hostnetart.com.br\/baixada\/wp-json\/wp\/v2\/comments?post=7475"}],"version-history":[{"count":0,"href":"https:\/\/hostnetart.com.br\/baixada\/wp-json\/wp\/v2\/posts\/7475\/revisions"}],"wp:featuredmedia":[{"embeddable":true,"href":"https:\/\/hostnetart.com.br\/baixada\/wp-json\/wp\/v2\/media\/7474"}],"wp:attachment":[{"href":"https:\/\/hostnetart.com.br\/baixada\/wp-json\/wp\/v2\/media?parent=7475"}],"wp:term":[{"taxonomy":"category","embeddable":true,"href":"https:\/\/hostnetart.com.br\/baixada\/wp-json\/wp\/v2\/categories?post=7475"},{"taxonomy":"post_tag","embeddable":true,"href":"https:\/\/hostnetart.com.br\/baixada\/wp-json\/wp\/v2\/tags?post=7475"}],"curies":[{"name":"wp","href":"https:\/\/api.w.org\/{rel}","templated":true}]}}