{"id":7469,"date":"2019-09-04T16:57:04","date_gmt":"2019-09-04T19:57:04","guid":{"rendered":"https:\/\/hostnetart.com.br\/baixada\/movimentos-lancam-frente-em-defesa-da-soberania-e-das-empresas-publicas\/"},"modified":"2019-09-04T16:57:04","modified_gmt":"2019-09-04T19:57:04","slug":"movimentos-lancam-frente-em-defesa-da-soberania-e-das-empresas-publicas","status":"publish","type":"post","link":"https:\/\/hostnetart.com.br\/baixada\/movimentos-lancam-frente-em-defesa-da-soberania-e-das-empresas-publicas\/","title":{"rendered":"Movimentos lan\u00e7am frente em defesa da soberania e das empresas p\u00fablicas"},"content":{"rendered":"<p>Em defesa dos patrim\u00f4nios p\u00fablicos e da retomada da democracia, movimentos\u00a0populares, partidos pol\u00edticos, centrais sindicais e segmentos da sociedade lan\u00e7ar\u00e3o, nesta quarta-feira (4), a Frente Parlamentar e Popular em Defesa da Soberania Nacional, em Bras\u00edlia.<\/p>\n<p>Acontece na C\u00e2mara o Semin\u00e1rio O Brasil \u00e9 Nosso, ato pol\u00edtico em que lideran\u00e7as analisam os retrocessos promovidos pelo governo Jair Bolsonaro (PSL) e apresentam alternativas frente \u00e0 destrui\u00e7\u00e3o do patrim\u00f4nio nacional. A audi\u00eancia ocorre \u00a0no Audit\u00f3rio Nereu Ramos. A ex-presidenta Dilma Rousseff (PT), o ex-senador Roberto Requi\u00e3o (MDB), os ex-candidatos \u00e0 presid\u00eancia Fernando Haddad (PT) e Guilherme Boulos (Psol), est\u00e3o presentes no evento organizado pelas frentes Brasil Popular e Povo Sem Medo.<\/p>\n<p><a href=\"https:\/\/www.brasildefato.com.br\/2019\/09\/04\/a-soberania-nacional-esta-em-jogo-no-brasil-atualmente-avalia-conselheira-da-caixa\/\" target=\"_blank\" rel=\"noopener noreferrer\">Ao\u00a0<em>Brasil de Fato<\/em><\/a>,\u00a0Rita Serrano, conselheira eleita da Caixa Econ\u00f4mica Federal e coordenadora do Comit\u00ea Nacional em Defesa das Empresas P\u00fablicas, destaca a simbologia da iniciativa.\u00a0 \u201cN\u00e3o \u00e9 uma luta da esquerda, mas de todas as pessoas que t\u00eam compromisso e acreditam na democracia. \u00c9 uma luta de todas as pessoas que defendem melhores condi\u00e7\u00f5es de vida, o compromisso e desenvolvimento do pa\u00eds, com seu meio ambiente, educa\u00e7\u00e3o. \u00c9 um momento \u00edmpar de reunir diversos segmentos para o debate sobre o futuro do pa\u00eds, a soberania e as consequ\u00eancias das privatiza\u00e7\u00f5es\u201d, afirma.<\/p>\n<p>Rita ressalta o momento de aten\u00e7\u00e3o aos diversos an\u00fancio dos cortes de bolsas e investimentos em Educa\u00e7\u00e3o e Sa\u00fade, al\u00e9m da privatiza\u00e7\u00e3o das empresas p\u00fablicas. O governo federal j\u00e1 afirmou que h\u00e1\u00a0<a href=\"https:\/\/www.redebrasilatual.com.br\/economia\/2019\/04\/empresas-estatais-alvos-de-privatizacao-registraram-crescimento-de-132-em-2018\/\" target=\"_blank\" rel=\"noopener noreferrer\">inten\u00e7\u00e3o de vender 17<\/a>, entre elas Eletrobr\u00e1s e Correios, e ainda parte do capital do Banco do Brasil.<\/p>\n<p>A presidenta do Sindicato dos Banc\u00e1rios de S\u00e3o Paulo, Osasco e Regi\u00e3o, Ivone Silva, alerta que o momento necessita de intensa mobiliza\u00e7\u00e3o em\u00a0<a href=\"https:\/\/www.redebrasilatual.com.br\/economia\/2019\/01\/em-meio-a-crise-vendas-de-estatais-deixarao-governo-de-mao-atadas-diz-economista\/\" target=\"_blank\" rel=\"noopener noreferrer\">defesa das demais empresas p\u00fablicas e da soberania nacional<\/a>. \u201cUm pa\u00eds sem bancos p\u00fablicos, sem ci\u00eancia e tecnologia, sem educa\u00e7\u00e3o p\u00fablica de qualidade, sem suas reservas minerais e naturais \u00e9 um pa\u00eds sem empregos, sem renda, sem soberania e sem futuro. Por isso, n\u00f3s do Sindicato estaremos em Bras\u00edlia, participando dessa grande mobiliza\u00e7\u00e3o\u201d, ressaltou.<\/p>\n<h3>Unifica\u00e7\u00e3o da esquerda<\/h3>\n<p>O ex-presidente Luiz In\u00e1cio Lula da Silva tamb\u00e9m acredita que a pauta \u00e9 importante. Em entrevista<a href=\"https:\/\/www.redebrasilatual.com.br\/destaques\/2019\/08\/defesa-da-soberania-e-o-instrumento-para-unificar-a-esquerda-afirma-lula\/\" target=\"_blank\" rel=\"noopener noreferrer\">\u00a0ao\u00a0<em>Brasil 247<\/em><\/a>, Lula afirmou que a defesa da soberania nacional ante os ataques e privatiza\u00e7\u00f5es do governo Bolsonaro \u00e9 o instrumento capaz de unificar a esquerda no pa\u00eds para disputar as pr\u00f3ximas elei\u00e7\u00f5es presidenciais.<\/p>\n<p>\u201cVai unificar se construir um instrumento de unifica\u00e7\u00e3o, um programa em defesa da soberania nacional, de interesse soberanos e de uma na\u00e7\u00e3o soberana, voltada para os direitos fundamentais\u201d, afirmou, com a ideia da elabora\u00e7\u00e3o de programa para ser apresentado \u00e0 sociedade.<\/p>\n<p>Para o ex-presidente, a amea\u00e7a de privatiza\u00e7\u00e3o da Petrobras pelo governo \u00e9 um dos mais graves gestos de afronta \u00e0 soberania do pa\u00eds, afirma o ex-presidente. Ele lamentou que exista at\u00e9 mesmo o interesse em destruir a Lei de Partilha e lembrou que o petr\u00f3leo representa a perspectiva de futuro para para reduzir as desigualdades no pa\u00eds.<\/p>\n<p>Rita Serrano tamb\u00e9m destaca o processo de desindustrializa\u00e7\u00e3o: menos de 8% do Produto Interno Bruto (PIB) prov\u00e9m da ind\u00fastria. Para ela, a depend\u00eancia de\u00a0commodities\u00a0(mat\u00e9ria-prima n\u00e3o industrializada) condena o pa\u00eds ao atraso. \u201cO Brasil, na realidade, est\u00e1 tendo um retrocesso imenso e virou motivo de chacota internacional. As pessoas est\u00e3o percebendo claramente que a menor preocupa\u00e7\u00e3o deste governo \u00e9 a soberania do pa\u00eds e a melhoria da qualidade de vida da popula\u00e7\u00e3o, tanto \u00e9 que ela est\u00e1 s\u00f3 piorando\u201d, finaliza a conselheira da Caixa.<\/p>\n<p><strong>Fonte: Rede Brasil Atual<\/strong><\/p>\n","protected":false},"excerpt":{"rendered":"<p>Em defesa dos patrim\u00f4nios p\u00fablicos e da retomada da democracia, movimentos\u00a0populares, partidos pol\u00edticos, centrais sindicais e segmentos da sociedade lan\u00e7ar\u00e3o, nesta quarta-feira (4), a Frente Parlamentar e Popular em Defesa da Soberania Nacional, em Bras\u00edlia. Acontece na C\u00e2mara o Semin\u00e1rio O Brasil \u00e9 Nosso, ato pol\u00edtico em que lideran\u00e7as analisam os retrocessos promovidos pelo governo [&hellip;]<\/p>\n","protected":false},"author":2,"featured_media":7468,"comment_status":"","ping_status":"","sticky":false,"template":"","format":"standard","meta":{"footnotes":""},"categories":[3],"tags":[],"class_list":["post-7469","post","type-post","status-publish","format-standard","has-post-thumbnail","hentry","category-noticias"],"_links":{"self":[{"href":"https:\/\/hostnetart.com.br\/baixada\/wp-json\/wp\/v2\/posts\/7469","targetHints":{"allow":["GET"]}}],"collection":[{"href":"https:\/\/hostnetart.com.br\/baixada\/wp-json\/wp\/v2\/posts"}],"about":[{"href":"https:\/\/hostnetart.com.br\/baixada\/wp-json\/wp\/v2\/types\/post"}],"author":[{"embeddable":true,"href":"https:\/\/hostnetart.com.br\/baixada\/wp-json\/wp\/v2\/users\/2"}],"replies":[{"embeddable":true,"href":"https:\/\/hostnetart.com.br\/baixada\/wp-json\/wp\/v2\/comments?post=7469"}],"version-history":[{"count":0,"href":"https:\/\/hostnetart.com.br\/baixada\/wp-json\/wp\/v2\/posts\/7469\/revisions"}],"wp:featuredmedia":[{"embeddable":true,"href":"https:\/\/hostnetart.com.br\/baixada\/wp-json\/wp\/v2\/media\/7468"}],"wp:attachment":[{"href":"https:\/\/hostnetart.com.br\/baixada\/wp-json\/wp\/v2\/media?parent=7469"}],"wp:term":[{"taxonomy":"category","embeddable":true,"href":"https:\/\/hostnetart.com.br\/baixada\/wp-json\/wp\/v2\/categories?post=7469"},{"taxonomy":"post_tag","embeddable":true,"href":"https:\/\/hostnetart.com.br\/baixada\/wp-json\/wp\/v2\/tags?post=7469"}],"curies":[{"name":"wp","href":"https:\/\/api.w.org\/{rel}","templated":true}]}}