{"id":7461,"date":"2019-09-04T00:30:15","date_gmt":"2019-09-04T03:30:15","guid":{"rendered":"https:\/\/hostnetart.com.br\/baixada\/responda-ao-3-censo-e-seja-um-agente-da-diversidade\/"},"modified":"2019-09-04T00:30:15","modified_gmt":"2019-09-04T03:30:15","slug":"responda-ao-3-censo-e-seja-um-agente-da-diversidade","status":"publish","type":"post","link":"https:\/\/hostnetart.com.br\/baixada\/responda-ao-3-censo-e-seja-um-agente-da-diversidade\/","title":{"rendered":"Responda ao 3\u00ba Censo e seja um Agente da Diversidade"},"content":{"rendered":"<div class=\"elementor-element elementor-element-194680ec elementor-widget elementor-widget-theme-post-content\" data-id=\"194680ec\" data-element_type=\"widget\" data-widget_type=\"theme-post-content.default\">\n<div class=\"elementor-widget-container\">\n<p>O question\u00e1rio do <a href=\"https:\/\/contrafcut.com.br\/noticias\/3o-censo-da-diversidade-bancaria-avalia-realidade-da-categoria-nos-bancos\/\">3\u00ba Censo da Diversidade<\/a> j\u00e1 est\u00e1 dispon\u00edvel no site da <a href=\"https:\/\/diversidade.febraban.org.br\/\">Federa\u00e7\u00e3o Nacional dos Bancos (Fenaban)<\/a>. O levantamento visa tra\u00e7ar o perfil da categoria banc\u00e1ria por g\u00eanero, orienta\u00e7\u00e3o sexual, ra\u00e7a e PCDs (pessoas com defici\u00eancia) com o objetivo de analisar as pol\u00edticas de inclus\u00e3o dos bancos e promover a igualdade de oportunidades no setor banc\u00e1rio.<\/p>\n<p><strong>Clique aqui e responda o question\u00e1rio:<\/strong> <a href=\"https:\/\/diversidade.febraban.org.br\/\">https:\/\/diversidade.febraban.org.br\/<\/a><\/p>\n<p>\u201cNeste ano, o censo vai al\u00e9m da coleta de dados. \u00a0Ao mesmo tempo, tamb\u00e9m ser\u00e1 realizada a Campanha de Valoriza\u00e7\u00e3o da Diversidade, que inclui a forma\u00e7\u00e3o de agentes da diversidade nas ag\u00eancias e departamentos banc\u00e1rios. Por isso \u00e9 importante entender que cada trabalhador \u00e9 pe\u00e7a fundamental nesse processo e que ele se envolva na campanha, responda o censo e seja um agente diversidade\u201d, explicou Rosalina Amorim, secret\u00e1ria de Pol\u00edticas Sociais da Contraf-CUT.<\/p>\n<p>A pesquisa \u00e9 uma das conquistas da categoria na Mesa de Negocia\u00e7\u00e3o com a Federa\u00e7\u00e3o Nacional dos Bancos (Fenaban). Realizado nos anos de 2008 e 2014, o Censo fornece resultados que refletem a realidade do setor banc\u00e1rio e possibilitam a cria\u00e7\u00e3o de estrat\u00e9gias de inclus\u00e3o e promo\u00e7\u00e3o da diversidade no ambiente de trabalho.\u00a0<\/p>\n<p>A Confedera\u00e7\u00e3o Nacional dos Trabalhadores do Ramo Financeiro (Contraf-CUT) preparou um <a href=\"https:\/\/contrafcut.com.br\/publicacoes\/\">material especial<\/a> para a <a href=\"https:\/\/contrafcut.com.br\/campanha-de-valorizacao-da-diversidade\/\">Campanha de Valoriza\u00e7\u00e3o da Diversidade<\/a> com v\u00eddeos, mat\u00e9rias e infopress com o objetivo de informar sobre as situa\u00e7\u00f5es de discrimina\u00e7\u00e3o que acontecem no ambiente de trabalho e na sociedade e como combater estes problemas. <\/p>\n<p>De acordo com Rosalina Amorim, o agente da diversidade tem o compromisso de levantar debates e denunciar situa\u00e7\u00f5es de discrimina\u00e7\u00e3o em todos os \u00e2mbitos da sociedade. \u201cPropagar informa\u00e7\u00e3o \u00e9 a melhor maneira de desconstruir a cultura discriminat\u00f3ria e promover igualdade. Por isso, contamos com a participa\u00e7\u00e3o de todos os banc\u00e1rios e banc\u00e1rias nessa luta em combate \u00e0 discrimina\u00e7\u00e3o\u201d, disse. <\/p>\n<p>O question\u00e1rio \u00e9 dividido por seis partes. No site da Fenaban, os trabalhadores poder\u00e3o encontrar mais informa\u00e7\u00f5es sobre a pesquisa, quem s\u00e3o as pessoas eleg\u00edveis para participar e como preench\u00ea-la. \u00a0<\/p>\n<p><strong>Fonte: Contraf-CUT<\/strong><\/p>\n<\/div>\n<\/div>\n","protected":false},"excerpt":{"rendered":"<p>O question\u00e1rio do 3\u00ba Censo da Diversidade j\u00e1 est\u00e1 dispon\u00edvel no site da Federa\u00e7\u00e3o Nacional dos Bancos (Fenaban). O levantamento visa tra\u00e7ar o perfil da categoria banc\u00e1ria por g\u00eanero, orienta\u00e7\u00e3o sexual, ra\u00e7a e PCDs (pessoas com defici\u00eancia) com o objetivo de analisar as pol\u00edticas de inclus\u00e3o dos bancos e promover a igualdade de oportunidades no [&hellip;]<\/p>\n","protected":false},"author":2,"featured_media":7460,"comment_status":"","ping_status":"","sticky":false,"template":"","format":"standard","meta":{"footnotes":""},"categories":[3],"tags":[],"class_list":["post-7461","post","type-post","status-publish","format-standard","has-post-thumbnail","hentry","category-noticias"],"_links":{"self":[{"href":"https:\/\/hostnetart.com.br\/baixada\/wp-json\/wp\/v2\/posts\/7461","targetHints":{"allow":["GET"]}}],"collection":[{"href":"https:\/\/hostnetart.com.br\/baixada\/wp-json\/wp\/v2\/posts"}],"about":[{"href":"https:\/\/hostnetart.com.br\/baixada\/wp-json\/wp\/v2\/types\/post"}],"author":[{"embeddable":true,"href":"https:\/\/hostnetart.com.br\/baixada\/wp-json\/wp\/v2\/users\/2"}],"replies":[{"embeddable":true,"href":"https:\/\/hostnetart.com.br\/baixada\/wp-json\/wp\/v2\/comments?post=7461"}],"version-history":[{"count":0,"href":"https:\/\/hostnetart.com.br\/baixada\/wp-json\/wp\/v2\/posts\/7461\/revisions"}],"wp:featuredmedia":[{"embeddable":true,"href":"https:\/\/hostnetart.com.br\/baixada\/wp-json\/wp\/v2\/media\/7460"}],"wp:attachment":[{"href":"https:\/\/hostnetart.com.br\/baixada\/wp-json\/wp\/v2\/media?parent=7461"}],"wp:term":[{"taxonomy":"category","embeddable":true,"href":"https:\/\/hostnetart.com.br\/baixada\/wp-json\/wp\/v2\/categories?post=7461"},{"taxonomy":"post_tag","embeddable":true,"href":"https:\/\/hostnetart.com.br\/baixada\/wp-json\/wp\/v2\/tags?post=7461"}],"curies":[{"name":"wp","href":"https:\/\/api.w.org\/{rel}","templated":true}]}}