{"id":7459,"date":"2019-09-03T21:10:50","date_gmt":"2019-09-04T00:10:50","guid":{"rendered":"https:\/\/hostnetart.com.br\/baixada\/norte-americanos-voltam-a-apoiar-em-massa-o-movimento-sindical\/"},"modified":"2019-09-03T21:10:50","modified_gmt":"2019-09-04T00:10:50","slug":"norte-americanos-voltam-a-apoiar-em-massa-o-movimento-sindical","status":"publish","type":"post","link":"https:\/\/hostnetart.com.br\/baixada\/norte-americanos-voltam-a-apoiar-em-massa-o-movimento-sindical\/","title":{"rendered":"Norte-americanos voltam a apoiar em massa o movimento sindical"},"content":{"rendered":"<p>Hoje (2) foi comemorado nos Estados Unidos o Dia do Trabalho (<em>Labour Day<\/em>). Neste ano, a m\u00eddia americana, deu destaque a pesquisa que revela o reconhecimento da <a href=\"https:\/\/www.redebrasilatual.com.br\/trabalho\/2019\/09\/com-nova-reforma-trabalhista-bolsonaro-quer-anular-atuacao-sindical\/\" target=\"_blank\" rel=\"noopener noreferrer\">import\u00e2ncia dos sindicatos<\/a>\u00a0para os trabalhadores. As sondagens indicam que a aprova\u00e7\u00e3o da popula\u00e7\u00e3o \u00e0s entidades de classe est\u00e1 pr\u00f3ximo do topo dos \u00faltimos 50 anos: 64% da popula\u00e7\u00e3o defende o modelo de organiza\u00e7\u00e3o trabalhista.<\/p>\n<p>O levantamento foi feito pelo reconhecido instituto de pesquisas norte-americano <a href=\"https:\/\/news.gallup.com\/poll\/265916\/labor-day-turns-125-union-approval-near-year-high.aspx\" target=\"_blank\" rel=\"noopener noreferrer\">Gallup<\/a>. A s\u00e9rie hist\u00f3rica come\u00e7a em 1936, sendo que, at\u00e9 meados da d\u00e9cada de 1970, a aprova\u00e7\u00e3o dos sindicatos era constante em cerca de 70% da popula\u00e7\u00e3o. Ap\u00f3s esse per\u00edodo, houve um decl\u00ednio que culminou com o registro mais baixo da s\u00e9rie, em 2008, ap\u00f3s a grande crise, com 48%. Os anos de 1999 e 2003 foram os \u00fanicos com maior acolhimento sindical entre a popula\u00e7\u00e3o do que hoje: 66% e 65% respectivamente.<\/p>\n<p>A aprova\u00e7\u00e3o est\u00e1 em ascens\u00e3o entre diferentes setores pol\u00edticos, aponta a pesquisa. Entre os democratas, mais ligados a pautas liberais sociais, foi registrado um aumento de 16% no n\u00famero, saltando de 66% em 2009 para 82%. J\u00e1 entre os republicanos, mais conservadores, a tend\u00eancia foi mantida. Em 2009, 29% apoiavam sindicatos; hoje, 45%. Entre os independentes, a varia\u00e7\u00e3o foi de 44% para 61%.<\/p>\n<p><img fetchpriority=\"high\" decoding=\"async\" class=\"alignnone size-full wp-image-376035\" src=\"https:\/\/www.redebrasilatual.com.br\/wp-content\/uploads\/2019\/09\/gallup.jpg\" sizes=\"(max-width: 711px) 100vw, 711px\" srcset=\"https:\/\/www.redebrasilatual.com.br\/wp-content\/uploads\/2019\/09\/gallup.jpg 711w, https:\/\/www.redebrasilatual.com.br\/wp-content\/uploads\/2019\/09\/gallup-360x149.jpg 360w, https:\/\/www.redebrasilatual.com.br\/wp-content\/uploads\/2019\/09\/gallup-585x243.jpg 585w\" alt=\"\" width=\"711\" height=\"295\" \/><\/p>\n<p>Entre as raz\u00f5es apontadas para o crescimento da import\u00e2ncia sindical est\u00e3o fatores que rondam o mundo do trabalho nos Estados Unidos, como o baixo \u00edndice de desemprego (3,7% em julho), sal\u00e1rios achatados (com sucessivas perdas no poder de compra) e maior aten\u00e7\u00e3o para quest\u00f5es sociais dos mais jovens. \u201cAs pessoas se sentem melhores sobre sindicatos quando os mercados de trabalho est\u00e3o mais firmes e existe menor medo de demiss\u00f5es\u201d, afirma Rich Yeselson, ativista sindical norte-americano, <a href=\"https:\/\/www.vox.com\/policy-and-politics\/2019\/8\/28\/20837207\/labor-unions-gallup-poll-great-recession\" target=\"_blank\" rel=\"noopener noreferrer\">para o portal Vox<\/a>.<\/p>\n<p>Movimentos trabalhistas recentes, com sucesso, tamb\u00e9m contribuem para a impress\u00e3o. Professores promoveram greves por todo o pa\u00eds, muitas vezes espelhados pelo movimento que ficou conhecido, a partir dos anos 1990, como <em>Justice for Janitors<\/em>, que mobilizou a classe dos trabalhadores em servi\u00e7os de limpeza dos Estados Unidos e Canad\u00e1 contra m\u00e1s condi\u00e7\u00f5es de trabalho, aus\u00eancia de plano de sa\u00fade, entre outras precariza\u00e7\u00f5es.<\/p>\n<p><strong>Fonte: Rede Brasil Atual<\/strong><\/p>\n","protected":false},"excerpt":{"rendered":"<p>Hoje (2) foi comemorado nos Estados Unidos o Dia do Trabalho (Labour Day). Neste ano, a m\u00eddia americana, deu destaque a pesquisa que revela o reconhecimento da import\u00e2ncia dos sindicatos\u00a0para os trabalhadores. As sondagens indicam que a aprova\u00e7\u00e3o da popula\u00e7\u00e3o \u00e0s entidades de classe est\u00e1 pr\u00f3ximo do topo dos \u00faltimos 50 anos: 64% da popula\u00e7\u00e3o [&hellip;]<\/p>\n","protected":false},"author":2,"featured_media":7458,"comment_status":"","ping_status":"","sticky":false,"template":"","format":"standard","meta":{"footnotes":""},"categories":[3],"tags":[],"class_list":["post-7459","post","type-post","status-publish","format-standard","has-post-thumbnail","hentry","category-noticias"],"_links":{"self":[{"href":"https:\/\/hostnetart.com.br\/baixada\/wp-json\/wp\/v2\/posts\/7459","targetHints":{"allow":["GET"]}}],"collection":[{"href":"https:\/\/hostnetart.com.br\/baixada\/wp-json\/wp\/v2\/posts"}],"about":[{"href":"https:\/\/hostnetart.com.br\/baixada\/wp-json\/wp\/v2\/types\/post"}],"author":[{"embeddable":true,"href":"https:\/\/hostnetart.com.br\/baixada\/wp-json\/wp\/v2\/users\/2"}],"replies":[{"embeddable":true,"href":"https:\/\/hostnetart.com.br\/baixada\/wp-json\/wp\/v2\/comments?post=7459"}],"version-history":[{"count":0,"href":"https:\/\/hostnetart.com.br\/baixada\/wp-json\/wp\/v2\/posts\/7459\/revisions"}],"wp:featuredmedia":[{"embeddable":true,"href":"https:\/\/hostnetart.com.br\/baixada\/wp-json\/wp\/v2\/media\/7458"}],"wp:attachment":[{"href":"https:\/\/hostnetart.com.br\/baixada\/wp-json\/wp\/v2\/media?parent=7459"}],"wp:term":[{"taxonomy":"category","embeddable":true,"href":"https:\/\/hostnetart.com.br\/baixada\/wp-json\/wp\/v2\/categories?post=7459"},{"taxonomy":"post_tag","embeddable":true,"href":"https:\/\/hostnetart.com.br\/baixada\/wp-json\/wp\/v2\/tags?post=7459"}],"curies":[{"name":"wp","href":"https:\/\/api.w.org\/{rel}","templated":true}]}}