{"id":7457,"date":"2019-09-03T21:09:50","date_gmt":"2019-09-04T00:09:50","guid":{"rendered":"https:\/\/hostnetart.com.br\/baixada\/empregados-fazem-dia-nacional-de-luta-e-reflexao-contra-o-desmonte-da-caixa\/"},"modified":"2019-09-03T21:09:50","modified_gmt":"2019-09-04T00:09:50","slug":"empregados-fazem-dia-nacional-de-luta-e-reflexao-contra-o-desmonte-da-caixa","status":"publish","type":"post","link":"https:\/\/hostnetart.com.br\/baixada\/empregados-fazem-dia-nacional-de-luta-e-reflexao-contra-o-desmonte-da-caixa\/","title":{"rendered":"Empregados fazem Dia Nacional de Luta e Reflex\u00e3o contra o desmonte da Caixa"},"content":{"rendered":"<p>Os empregados da Caixa de todo o Brasil participam, nesta quarta-feira (4), do Dia Nacional de Luta e Reflex\u00e3o contra o desmonte da Caixa. Desde que assumiu, a atual gest\u00e3o, comandada por Pedro Guimar\u00e3es, tem deixado clara a pol\u00edtica de sucateamento e fatiamento do banco p\u00fablico.<\/p>\n<p>Nos \u00faltimos meses, os banc\u00e1rios de diversas \u00e1reas t\u00eam ouvido em reuni\u00f5es que as atividades sob sua responsabilidade e as pr\u00f3prias \u00e1reas passar\u00e3o por uma \u201cremodela\u00e7\u00e3o organizacional\u201d, podendo ser incorporadas ou transferidas a outros locais ou at\u00e9 mesmo extintas.<\/p>\n<p>\u201cN\u00e3o podemos aceitar que essa desestrutura\u00e7\u00e3o disfar\u00e7ada acabe com o nosso banco. Est\u00e1 na hora dos trabalhadores mostrarmos que n\u00e3o iremos aceitar nenhum tipo de desmonte. A Caixa \u00e9 e dever\u00e1 continuar sempre sendo 100% P\u00fablica\u201d, afirmou Dion\u00edsio Reis, coordenador da Comiss\u00e3o Executiva dos Empregados da Caixa (CEE\/Caixa).<\/p>\n<p>Para as manifesta\u00e7\u00f5es, a Confedera\u00e7\u00e3o Nacional dos Trabalhadores do Ramo Financeiro (Contraf-CUT) preparou uma carta aberta aos empregados. O material, que ser\u00e1 impresso pelas federa\u00e7\u00f5es e pelos sindicatos, servir\u00e1 de base para o di\u00e1logo entre os empregados e com a popula\u00e7\u00e3o, explicando os malef\u00edcios da reestrutura\u00e7\u00e3o. Os materiais est\u00e3o dispon\u00edveis para download na \u00e1rea de acesso restrito do site.<\/p>\n<p><strong>Fonte: Contraf-CUT<\/strong><\/p>\n","protected":false},"excerpt":{"rendered":"<p>Os empregados da Caixa de todo o Brasil participam, nesta quarta-feira (4), do Dia Nacional de Luta e Reflex\u00e3o contra o desmonte da Caixa. Desde que assumiu, a atual gest\u00e3o, comandada por Pedro Guimar\u00e3es, tem deixado clara a pol\u00edtica de sucateamento e fatiamento do banco p\u00fablico. Nos \u00faltimos meses, os banc\u00e1rios de diversas \u00e1reas t\u00eam [&hellip;]<\/p>\n","protected":false},"author":2,"featured_media":7456,"comment_status":"","ping_status":"","sticky":false,"template":"","format":"standard","meta":{"footnotes":""},"categories":[3],"tags":[],"class_list":["post-7457","post","type-post","status-publish","format-standard","has-post-thumbnail","hentry","category-noticias"],"_links":{"self":[{"href":"https:\/\/hostnetart.com.br\/baixada\/wp-json\/wp\/v2\/posts\/7457","targetHints":{"allow":["GET"]}}],"collection":[{"href":"https:\/\/hostnetart.com.br\/baixada\/wp-json\/wp\/v2\/posts"}],"about":[{"href":"https:\/\/hostnetart.com.br\/baixada\/wp-json\/wp\/v2\/types\/post"}],"author":[{"embeddable":true,"href":"https:\/\/hostnetart.com.br\/baixada\/wp-json\/wp\/v2\/users\/2"}],"replies":[{"embeddable":true,"href":"https:\/\/hostnetart.com.br\/baixada\/wp-json\/wp\/v2\/comments?post=7457"}],"version-history":[{"count":0,"href":"https:\/\/hostnetart.com.br\/baixada\/wp-json\/wp\/v2\/posts\/7457\/revisions"}],"wp:featuredmedia":[{"embeddable":true,"href":"https:\/\/hostnetart.com.br\/baixada\/wp-json\/wp\/v2\/media\/7456"}],"wp:attachment":[{"href":"https:\/\/hostnetart.com.br\/baixada\/wp-json\/wp\/v2\/media?parent=7457"}],"wp:term":[{"taxonomy":"category","embeddable":true,"href":"https:\/\/hostnetart.com.br\/baixada\/wp-json\/wp\/v2\/categories?post=7457"},{"taxonomy":"post_tag","embeddable":true,"href":"https:\/\/hostnetart.com.br\/baixada\/wp-json\/wp\/v2\/tags?post=7457"}],"curies":[{"name":"wp","href":"https:\/\/api.w.org\/{rel}","templated":true}]}}