{"id":7453,"date":"2019-09-03T21:04:55","date_gmt":"2019-09-04T00:04:55","guid":{"rendered":"https:\/\/hostnetart.com.br\/baixada\/contraf-cut-cobra-e-caixa-paga-plr-nesta-terca-feira-3\/"},"modified":"2019-09-03T21:04:55","modified_gmt":"2019-09-04T00:04:55","slug":"contraf-cut-cobra-e-caixa-paga-plr-nesta-terca-feira-3","status":"publish","type":"post","link":"https:\/\/hostnetart.com.br\/baixada\/contraf-cut-cobra-e-caixa-paga-plr-nesta-terca-feira-3\/","title":{"rendered":"Contraf-CUT cobra e Caixa paga PLR nesta ter\u00e7a-feira (3)"},"content":{"rendered":"<div class=\"elementor-element elementor-element-194680ec elementor-widget elementor-widget-theme-post-content\" data-id=\"194680ec\" data-element_type=\"widget\" data-widget_type=\"theme-post-content.default\">\n<div class=\"elementor-widget-container\">\n<p>A Caixa Econ\u00f4mica Federal paga a antecipa\u00e7\u00e3o do pagamento da Participa\u00e7\u00e3o nos Lucros e Resultados (PLR) nesta ter\u00e7a-feira (3). O an\u00fancio foi feito depois da Comiss\u00e3o Executiva dos Empregados da Caixa (CEE\/Caixa) cobrar, em mesa de negocia\u00e7\u00e3o permanente realizada no dia 27 de agosto, que a Caixa antecipasse a primeira parcela da PLR, assim como a PLR Social. De acordo com a Conven\u00e7\u00e3o Coletiva de Trabalho (CCT) dos banc\u00e1rios, os bancos t\u00eam at\u00e9 20 de setembro para pagar a primeira parcela da PLR.<\/p>\n<p>\u201cA antecipa\u00e7\u00e3o do pagamento da primeira parcela da PLR e da PLR Social \u00e9 resultado direto da cobran\u00e7a que a CEE\/Caixa fez na mesa permanente de negocia\u00e7\u00e3o. O pagamento \u00e9 uma justa valoriza\u00e7\u00e3o dos trabalhadores que constru\u00edram dia a dia o lucro da Caixa, assim como seu importante papel social para o pa\u00eds enquanto banco p\u00fablico\u201d, disse o coordenador da CEE\/Caixa, Dion\u00edsio Reis.<\/p>\n<h3>PLR e PLR Social<\/h3>\n<p>A PLR na Caixa \u00e9 composta, al\u00e9m da regra b\u00e1sica e da parcela adicional previstas na CCT da categoria (m\u00f3dulo Fenaban), pela PLR Social, conquista dos empregados na campanha de 2010. A PLR Social \u00e9 a distribui\u00e7\u00e3o linear de 4% do lucro l\u00edquido a todos os empregados. Na Caixa, \u00e9 antecipado 50% do valor da PLR na primeira parcela (levando a proje\u00e7\u00e3o de lucro em considera\u00e7\u00e3o).<\/p>\n<h3>Aumento real<\/h3>\n<p>A primeira parcela da PLR 2019 vir\u00e1 com corre\u00e7\u00e3o da infla\u00e7\u00e3o (no per\u00edodo entre 1\u00ba de setembro de 2018 e 31 de agosto de 2019), mais 1% de aumento real. \u201cO aumento real de 1% em 2019, para sal\u00e1rios e demais verbas como a PLR, foi uma conquista da mobiliza\u00e7\u00e3o da categoria na nossa Campanha Nacional 2018 que, em cen\u00e1rio desfavor\u00e1vel com a aprova\u00e7\u00e3o da reforma trabalhista, garantiu tamb\u00e9m todos os direitos previstos na CCT\u201d, concluiu Dion\u00edsio.<\/p>\n<p><strong>Fonte: Contraf-CUT<\/strong><\/p>\n<\/div>\n<\/div>\n","protected":false},"excerpt":{"rendered":"<p>A Caixa Econ\u00f4mica Federal paga a antecipa\u00e7\u00e3o do pagamento da Participa\u00e7\u00e3o nos Lucros e Resultados (PLR) nesta ter\u00e7a-feira (3). O an\u00fancio foi feito depois da Comiss\u00e3o Executiva dos Empregados da Caixa (CEE\/Caixa) cobrar, em mesa de negocia\u00e7\u00e3o permanente realizada no dia 27 de agosto, que a Caixa antecipasse a primeira parcela da PLR, assim como [&hellip;]<\/p>\n","protected":false},"author":2,"featured_media":7452,"comment_status":"","ping_status":"","sticky":false,"template":"","format":"standard","meta":{"footnotes":""},"categories":[3],"tags":[],"class_list":["post-7453","post","type-post","status-publish","format-standard","has-post-thumbnail","hentry","category-noticias"],"_links":{"self":[{"href":"https:\/\/hostnetart.com.br\/baixada\/wp-json\/wp\/v2\/posts\/7453","targetHints":{"allow":["GET"]}}],"collection":[{"href":"https:\/\/hostnetart.com.br\/baixada\/wp-json\/wp\/v2\/posts"}],"about":[{"href":"https:\/\/hostnetart.com.br\/baixada\/wp-json\/wp\/v2\/types\/post"}],"author":[{"embeddable":true,"href":"https:\/\/hostnetart.com.br\/baixada\/wp-json\/wp\/v2\/users\/2"}],"replies":[{"embeddable":true,"href":"https:\/\/hostnetart.com.br\/baixada\/wp-json\/wp\/v2\/comments?post=7453"}],"version-history":[{"count":0,"href":"https:\/\/hostnetart.com.br\/baixada\/wp-json\/wp\/v2\/posts\/7453\/revisions"}],"wp:featuredmedia":[{"embeddable":true,"href":"https:\/\/hostnetart.com.br\/baixada\/wp-json\/wp\/v2\/media\/7452"}],"wp:attachment":[{"href":"https:\/\/hostnetart.com.br\/baixada\/wp-json\/wp\/v2\/media?parent=7453"}],"wp:term":[{"taxonomy":"category","embeddable":true,"href":"https:\/\/hostnetart.com.br\/baixada\/wp-json\/wp\/v2\/categories?post=7453"},{"taxonomy":"post_tag","embeddable":true,"href":"https:\/\/hostnetart.com.br\/baixada\/wp-json\/wp\/v2\/tags?post=7453"}],"curies":[{"name":"wp","href":"https:\/\/api.w.org\/{rel}","templated":true}]}}