{"id":745,"date":"2015-05-12T19:25:00","date_gmt":"2015-05-12T22:25:00","guid":{"rendered":"https:\/\/hostnetart.com.br\/baixada\/cut-chama-para-semana-de-luta-contra-ataque-aos-direitos-dos-trabalhadores\/"},"modified":"2015-05-12T19:25:00","modified_gmt":"2015-05-12T22:25:00","slug":"cut-chama-para-semana-de-luta-contra-ataque-aos-direitos-dos-trabalhadores","status":"publish","type":"post","link":"https:\/\/hostnetart.com.br\/baixada\/cut-chama-para-semana-de-luta-contra-ataque-aos-direitos-dos-trabalhadores\/","title":{"rendered":"CUT chama para semana de luta contra ataque aos direitos dos trabalhadores"},"content":{"rendered":"<p><span style=\"color: #464646;\">Enquanto no Congresso os parlamentares seguem atacando os trabalhadores com a aprova\u00e7\u00e3o, na C\u00e2mara, de projetos que retiram seus direitos, a CUT preparam uma semana de luta, com a\u00e7\u00f5es em Bras\u00edlia. Nesta ter\u00e7a-feira (12), os CUTistas ir\u00e3o pressionar parlamentares nos aeroportos de seus estados de origem, enquanto embarcam para Bras\u00edlia. A t\u00e1tica j\u00e1 havia sido utilizada para protestar contra a tramita\u00e7\u00e3o, na C\u00e2mara, do PL 4330, que amplia a terceiriza\u00e7\u00e3o para todas as atividades nas empresas do Pa\u00eds.<\/span><br style=\"color: #464646;\" \/><br style=\"color: #464646;\" \/><span style=\"color: #464646;\">Na parte da tarde, dirigentes da CUT v\u00e3o at\u00e9 o gabinete de diversos senadores pressionar contra a MP 665 e o PL 4330, que est\u00e3o no Senado. Durante a semana, os CUTistas ir\u00e3o se concentrar nas galerias, que estar\u00e3o abertas.<\/span><br style=\"color: #464646;\" \/><br style=\"color: #464646;\" \/><span style=\"color: #464646;\">Ao contr\u00e1rio do que acontece no Senado, onde o povo pode ocupar as galerias para acompanhar e fiscalizar o trabalho dos parlamentares, na C\u00e2mara dos Deputados o acesso continua vedado. Dessa forma, dirigentes da CUT se concentrar\u00e3o na parte externa do Anexo II e continuar\u00e3o negociando para acompanhar a vota\u00e7\u00e3o da MP 664, que est\u00e1 na ordem do dia.<\/span><br style=\"color: #464646;\" \/><br style=\"color: #464646;\" \/><span style=\"color: #464646;\">Na manh\u00e3 do dia 14 de maio, uma Audi\u00eancia P\u00fablica ir\u00e1 discutir o PLC 30\/2005 (PL 4330) no Senado. Logo em seguida, \u00e0s 11h, uma Comiss\u00e3o Geral tamb\u00e9m vai debater o projeto da terceiriza\u00e7\u00e3o. A CUT deve participar ativamente das duas atividades.<\/span><br style=\"color: #464646;\" \/><br style=\"color: #464646;\" \/><span style=\"color: #464646;\">Vagner Freitas, presidente da CUT, convoca os trabalhadores para que lutem contra os projetos que atacam a classe trabalhadora, em v\u00eddeo gravado para o site da entidade [veja abaixo]. \u201cEssa quest\u00e3o de ajuste fiscal, que o governo est\u00e1 colocando, n\u00e3o foi debatida com a sociedade. O que acontece com a MP 664 e 665 \u00e9 retirada de direitos e n\u00f3s n\u00e3o aceitamos que nenhum ajuste seja feito na conta dos trabalhadores.\u201d<\/span><br style=\"color: #464646;\" \/><br style=\"color: #464646;\" \/><span style=\"color: #464646;\">Assista\u00a0<\/span><a style=\"color: #969696;\" href=\"http:\/\/www.youtube.com\/watch?t=57&amp;v=FEOPp4u8vKc\" target=\"_blank\" rel=\"noopener noreferrer\">aqui<\/a><span style=\"color: #464646;\">\u00a0ao v\u00eddeo\u00a0<\/span><br style=\"color: #464646;\" \/><br style=\"color: #464646;\" \/><span style=\"color: #464646;\">Fonte: CUT Nacional<\/span><\/p>\n","protected":false},"excerpt":{"rendered":"<p>Enquanto no Congresso os parlamentares seguem atacando os trabalhadores com a aprova\u00e7\u00e3o, na C\u00e2mara, de projetos que retiram seus direitos, a CUT preparam uma semana de luta, com a\u00e7\u00f5es em Bras\u00edlia. Nesta ter\u00e7a-feira (12), os CUTistas ir\u00e3o pressionar parlamentares nos aeroportos de seus estados de origem, enquanto embarcam para Bras\u00edlia. A t\u00e1tica j\u00e1 havia sido [&hellip;]<\/p>\n","protected":false},"author":1,"featured_media":0,"comment_status":"","ping_status":"","sticky":false,"template":"","format":"standard","meta":{"footnotes":""},"categories":[3],"tags":[],"class_list":["post-745","post","type-post","status-publish","format-standard","hentry","category-noticias"],"_links":{"self":[{"href":"https:\/\/hostnetart.com.br\/baixada\/wp-json\/wp\/v2\/posts\/745","targetHints":{"allow":["GET"]}}],"collection":[{"href":"https:\/\/hostnetart.com.br\/baixada\/wp-json\/wp\/v2\/posts"}],"about":[{"href":"https:\/\/hostnetart.com.br\/baixada\/wp-json\/wp\/v2\/types\/post"}],"author":[{"embeddable":true,"href":"https:\/\/hostnetart.com.br\/baixada\/wp-json\/wp\/v2\/users\/1"}],"replies":[{"embeddable":true,"href":"https:\/\/hostnetart.com.br\/baixada\/wp-json\/wp\/v2\/comments?post=745"}],"version-history":[{"count":0,"href":"https:\/\/hostnetart.com.br\/baixada\/wp-json\/wp\/v2\/posts\/745\/revisions"}],"wp:attachment":[{"href":"https:\/\/hostnetart.com.br\/baixada\/wp-json\/wp\/v2\/media?parent=745"}],"wp:term":[{"taxonomy":"category","embeddable":true,"href":"https:\/\/hostnetart.com.br\/baixada\/wp-json\/wp\/v2\/categories?post=745"},{"taxonomy":"post_tag","embeddable":true,"href":"https:\/\/hostnetart.com.br\/baixada\/wp-json\/wp\/v2\/tags?post=745"}],"curies":[{"name":"wp","href":"https:\/\/api.w.org\/{rel}","templated":true}]}}