{"id":7446,"date":"2019-09-02T16:27:27","date_gmt":"2019-09-02T19:27:27","guid":{"rendered":"https:\/\/hostnetart.com.br\/baixada\/caixa-tera-que-explicar-boicote-ao-nordeste\/"},"modified":"2019-09-02T16:27:27","modified_gmt":"2019-09-02T19:27:27","slug":"caixa-tera-que-explicar-boicote-ao-nordeste","status":"publish","type":"post","link":"https:\/\/hostnetart.com.br\/baixada\/caixa-tera-que-explicar-boicote-ao-nordeste\/","title":{"rendered":"Caixa ter\u00e1 que explicar boicote ao Nordeste"},"content":{"rendered":"<p>A Comiss\u00e3o de Assuntos Econ\u00f4micos (CAE) realizar\u00e1\u00a0<a href=\"http:\/\/legis.senado.leg.br\/comissoes\/reuniao?1&amp;reuniao=8973&amp;codcol=38\" target=\"_blank\" rel=\"noopener noreferrer\">audi\u00eancia p\u00fablica<\/a>, na pr\u00f3xima ter\u00e7a-feira (3), para discutir as suspeitas de que a Caixa Econ\u00f4mica Federal teria travado o volume de empr\u00e9stimos para munic\u00edpios do Nordeste por motivos pol\u00edticos. A vice-presidente de governo da Caixa, Tatiana Thom\u00e9 de Oliveira, comparecer\u00e1 \u00e0 comiss\u00e3o para esclarecer o assunto e explicar as diretrizes do banco para a concess\u00e3o de empr\u00e9stimos, informou a Ag\u00eancia Senado.<\/p>\n<p>O assunto foi uma das bandeiras aprovadas pelos delegados e as delegadas do\u00a0<a href=\"https:\/\/contrafcut.com.br\/noticias\/unidade-e-resistencia-pautam-estrategias-dos-empregados-da-caixa\/\" target=\"_blank\" rel=\"noopener noreferrer\">35\u00ba Congresso Nacional dos Empregados da Caixa Econ\u00f4mica Federal (Conecef)<\/a>, realizado nos dias 1 e 2 de agosto, em S\u00e3o Paulo. Eles votaram uma mo\u00e7\u00e3o em rep\u00fadio \u00e0 persegui\u00e7\u00e3o do Governo aos estados do Nordeste.\u00a0<\/p>\n<p>No \u00faltimo dia do evento, reportagem do jornal O Estado de S.Paulo informou que os governos do Nordeste est\u00e3o sendo boicotados pela Caixa desde a posse do presidente Jair Bolsonaro (PSL).<\/p>\n<p>Segundo a mat\u00e9ria, assinada pelas rep\u00f3rteres Camila Turtelli e Adriana Fernandes, o presidente da Caixa, Pedro Guimar\u00e3es, teria baixado uma ordem para que n\u00e3o sejam contratados empr\u00e9stimos junto a estados e munic\u00edpios da regi\u00e3o. A informa\u00e7\u00e3o sobre o bloqueio pr\u00e9vio de recursos teria sido obtida com funcion\u00e1rios do banco e da equipe econ\u00f4mica do governo. \u201cSob condi\u00e7\u00e3o de anonimato, elas confirmam que ouviram a orienta\u00e7\u00e3o em mais de uma ocasi\u00e3o\u201d, diz a reportagem.<\/p>\n<h3>Alega\u00e7\u00f5es do banco<\/h3>\n<p>Em nota oficial, a dire\u00e7\u00e3o da Caixa negou o boicote. Mas levantamento feito pelo jornal, com base nos n\u00fameros do banco e do Tesouro Nacional, mostra que dos R$ 4 bilh\u00f5es em empr\u00e9stimos autorizados em 2019 para governos e prefeituras de todo pa\u00eds, apenas 2,2% (R$ 89 milh\u00f5es) foram para o Nordeste.<\/p>\n<p>Nos anos anteriores os \u00edndices foram bem maiores. Em 2018, o Nordeste recebeu 21,6% do total de empr\u00e9stimos. Em 2017, 18,6%.<\/p>\n<p>Na nota, o banco alega que as autoriza\u00e7\u00f5es levam em conta crit\u00e9rios de \u201csazonalidade\u201d e \u201co n\u00famero de pleitos recebidos\u201d, indicando que teriam diminu\u00eddo os pedidos de empr\u00e9stimos do Nordeste.<\/p>\n<h3>Orienta\u00e7\u00e3o \u00e9 para recusar pedidos<\/h3>\n<p>Segundo o jornal, no entanto, existe uma fila de pedidos da regi\u00e3o aguardando decis\u00e3o do banco. Entre eles estaria um financiamento de R$ 133 milh\u00f5es para a prefeitura de S\u00e3o Lu\u00eds (MA), para obras de infraestrutura. \u201cO pedido do prefeito Edivaldo Holanda J\u00fanior (PDT) foi feito no dia 9 de maio e at\u00e9 hoje n\u00e3o houve uma resposta. A orienta\u00e7\u00e3o para a \u00e1rea t\u00e9cnica, segundo apurou a reportagem, era de n\u00e3o aprov\u00e1-lo mesmo estando tudo certo. A estrat\u00e9gia foi protelar at\u00e9 os documentos vencerem em 30 de junho\u201d, diz a mat\u00e9ria.<\/p>\n<p>Para Fabiana Uehara Proshcholdt, secret\u00e1ria da Cultura e representante da Confedera\u00e7\u00e3o Nacional dos Trabalhadores do Ramo Financeiro (Contraf-CUT) nas negocia\u00e7\u00f5es com o banco, a Caixa precisa explicar esse claro boicote a uma das regi\u00f5es mais importantes do Brasil. \u201c\u00c9 evidente que a decis\u00e3o \u00e9 ideol\u00f3gica e segue a linha dos ataques feitos pelo presidente. Isto \u00e9 um absurdo. N\u00e3o podemos aceitar que, por puro preconceito, milh\u00f5es de brasileiros sejam prejudicados.\u201d<\/p>\n<p><strong>Fonte: Contraf-CUT<\/strong><\/p>\n","protected":false},"excerpt":{"rendered":"<p>A Comiss\u00e3o de Assuntos Econ\u00f4micos (CAE) realizar\u00e1\u00a0audi\u00eancia p\u00fablica, na pr\u00f3xima ter\u00e7a-feira (3), para discutir as suspeitas de que a Caixa Econ\u00f4mica Federal teria travado o volume de empr\u00e9stimos para munic\u00edpios do Nordeste por motivos pol\u00edticos. A vice-presidente de governo da Caixa, Tatiana Thom\u00e9 de Oliveira, comparecer\u00e1 \u00e0 comiss\u00e3o para esclarecer o assunto e explicar as [&hellip;]<\/p>\n","protected":false},"author":2,"featured_media":7445,"comment_status":"","ping_status":"","sticky":false,"template":"","format":"standard","meta":{"footnotes":""},"categories":[3],"tags":[],"class_list":["post-7446","post","type-post","status-publish","format-standard","has-post-thumbnail","hentry","category-noticias"],"_links":{"self":[{"href":"https:\/\/hostnetart.com.br\/baixada\/wp-json\/wp\/v2\/posts\/7446","targetHints":{"allow":["GET"]}}],"collection":[{"href":"https:\/\/hostnetart.com.br\/baixada\/wp-json\/wp\/v2\/posts"}],"about":[{"href":"https:\/\/hostnetart.com.br\/baixada\/wp-json\/wp\/v2\/types\/post"}],"author":[{"embeddable":true,"href":"https:\/\/hostnetart.com.br\/baixada\/wp-json\/wp\/v2\/users\/2"}],"replies":[{"embeddable":true,"href":"https:\/\/hostnetart.com.br\/baixada\/wp-json\/wp\/v2\/comments?post=7446"}],"version-history":[{"count":0,"href":"https:\/\/hostnetart.com.br\/baixada\/wp-json\/wp\/v2\/posts\/7446\/revisions"}],"wp:featuredmedia":[{"embeddable":true,"href":"https:\/\/hostnetart.com.br\/baixada\/wp-json\/wp\/v2\/media\/7445"}],"wp:attachment":[{"href":"https:\/\/hostnetart.com.br\/baixada\/wp-json\/wp\/v2\/media?parent=7446"}],"wp:term":[{"taxonomy":"category","embeddable":true,"href":"https:\/\/hostnetart.com.br\/baixada\/wp-json\/wp\/v2\/categories?post=7446"},{"taxonomy":"post_tag","embeddable":true,"href":"https:\/\/hostnetart.com.br\/baixada\/wp-json\/wp\/v2\/tags?post=7446"}],"curies":[{"name":"wp","href":"https:\/\/api.w.org\/{rel}","templated":true}]}}