{"id":7442,"date":"2019-09-02T16:02:47","date_gmt":"2019-09-02T19:02:47","guid":{"rendered":"https:\/\/hostnetart.com.br\/baixada\/negros-sao-os-mais-prejudicados-na-busca-por-recolocacao-no-trabalho\/"},"modified":"2019-09-02T16:02:47","modified_gmt":"2019-09-02T19:02:47","slug":"negros-sao-os-mais-prejudicados-na-busca-por-recolocacao-no-trabalho","status":"publish","type":"post","link":"https:\/\/hostnetart.com.br\/baixada\/negros-sao-os-mais-prejudicados-na-busca-por-recolocacao-no-trabalho\/","title":{"rendered":"Negros s\u00e3o os mais prejudicados na busca por recoloca\u00e7\u00e3o no trabalho"},"content":{"rendered":"<p>As pessoas negras s\u00e3o as mais afetadas na busca por uma recoloca\u00e7\u00e3o no trabalho. De acordo com a Pesquisa Nacional por Amostra de Domic\u00edlio (Pnad), divulgada pelo Instituto Brasileiro de Geografia e Estat\u00edstica (IBGE), dois em cada tr\u00eas dos 12,8 milh\u00f5es de desempregados do pa\u00eds s\u00e3o pretos ou pardos.\u00a0<\/p>\n<p>A pesquisa mostra que, do total de pessoas sem emprego no Brasil, 52,1% s\u00e3o pardos, 34,7% s\u00e3o brancos e 12,2% s\u00e3o pretos. Ou seja, 8,2 milh\u00f5es de desempregados.\u00a0<\/p>\n<p>Para o secret\u00e1rio de Combate ao Racismo da Contraf-CUT, Almir Aguiar, a linha pol\u00edtica e econ\u00f4mica do governo Bolsonaro, que retira direitos e imp\u00f5e privatiza\u00e7\u00f5es, tem gerado um aumento desordenado no volume de desempregados em nosso pa\u00eds. \u201cOs dados revelam a falta de oportunidades para essa popula\u00e7\u00e3o, que, quando est\u00e3o empregados, s\u00e3o alocados nos setores mais precarizados. As desigualdades sociais s\u00e3o t\u00e3o evidentes, que o sal\u00e1rio de um trabalhador branco pobre \u00e9 46% maior de que um trabalhador negro pobre, esse fator mostra um dos fatores das desigualdades sociais no Brasil\u201d afirmou.\u00a0<\/p>\n<p>Ele lembrou ainda que no setor banc\u00e1rio os negros s\u00e3o mais vulner\u00e1veis ao ass\u00e9dio moral. \u201cA cor da pele chega a ser um impeditivo para ascens\u00e3o profissional e recebem 68% da remunera\u00e7\u00e3o de um trabalhador n\u00e3o negro, sendo que a situa\u00e7\u00e3o da banc\u00e1ria negra, ainda \u00e9 pior. Esse ano realizaremos o III Censo da Diversidade na categoria, precisamos comparar o atual quadro em rela\u00e7\u00e3o ao Censo de 2014, e debater a contrata\u00e7\u00e3o de mais negros e negras no sistema financeiro e por fim a essa pol\u00edtica discriminat\u00f3ria \u201c, disse Almir Aguiar.<\/p>\n<h3><strong>Campanha de Valoriza\u00e7\u00e3o da Diversidade<\/strong><\/h3>\n<p>A categoria banc\u00e1ria \u00e9 uma das primeiras a conquistar a inclus\u00e3o de uma cl\u00e1usula de combate \u00e0 discrimina\u00e7\u00e3o nos bancos. A realiza\u00e7\u00e3o do Censo da Diversidade tamb\u00e9m contribui para a an\u00e1lise de pol\u00edticas inclusivas e a cria\u00e7\u00e3o de oportunidades igualit\u00e1rias no setor.\u00a0<\/p>\n<p>De acordo com os dados do 2\u00ba Censo, realizado em 2014, houve avan\u00e7o no n\u00famero de negros no setor banc\u00e1rio. Eram 19% de negros na primeira pesquisa. Os funcion\u00e1rios que se auto definiram foram 24,7% dos entrevistados. A grande falha, no entanto, \u00e9 que n\u00e3o h\u00e1 um indicador voltado para a situa\u00e7\u00e3o das mulheres negras nas institui\u00e7\u00f5es banc\u00e1rias.\u00a0<\/p>\n<p>Neste ano de 2019, ser\u00e1 realizado o\u00a0<a href=\"https:\/\/contrafcut.com.br\/noticias\/censo-da-diversidade\/\" target=\"_blank\" rel=\"noopener noreferrer\">3\u00ba Censo da Diversidade Banc\u00e1ria<\/a>\u00a0e a Campanha de Valoriza\u00e7\u00e3o da Diversidade, que visa a capacita\u00e7\u00e3o da categoria sobre o tema. O objetivo \u00e9 levar os banc\u00e1rios a se tornarem agentes da diversidade, n\u00e3o apenas no ambiente de trabalho, mas tamb\u00e9m nos seus demais locais de conviv\u00eancia social.<\/p>\n<p><strong>Fonte: Contraf-CUT<\/strong><\/p>\n","protected":false},"excerpt":{"rendered":"<p>As pessoas negras s\u00e3o as mais afetadas na busca por uma recoloca\u00e7\u00e3o no trabalho. De acordo com a Pesquisa Nacional por Amostra de Domic\u00edlio (Pnad), divulgada pelo Instituto Brasileiro de Geografia e Estat\u00edstica (IBGE), dois em cada tr\u00eas dos 12,8 milh\u00f5es de desempregados do pa\u00eds s\u00e3o pretos ou pardos.\u00a0 A pesquisa mostra que, do total [&hellip;]<\/p>\n","protected":false},"author":2,"featured_media":7441,"comment_status":"","ping_status":"","sticky":false,"template":"","format":"standard","meta":{"footnotes":""},"categories":[3],"tags":[],"class_list":["post-7442","post","type-post","status-publish","format-standard","has-post-thumbnail","hentry","category-noticias"],"_links":{"self":[{"href":"https:\/\/hostnetart.com.br\/baixada\/wp-json\/wp\/v2\/posts\/7442","targetHints":{"allow":["GET"]}}],"collection":[{"href":"https:\/\/hostnetart.com.br\/baixada\/wp-json\/wp\/v2\/posts"}],"about":[{"href":"https:\/\/hostnetart.com.br\/baixada\/wp-json\/wp\/v2\/types\/post"}],"author":[{"embeddable":true,"href":"https:\/\/hostnetart.com.br\/baixada\/wp-json\/wp\/v2\/users\/2"}],"replies":[{"embeddable":true,"href":"https:\/\/hostnetart.com.br\/baixada\/wp-json\/wp\/v2\/comments?post=7442"}],"version-history":[{"count":0,"href":"https:\/\/hostnetart.com.br\/baixada\/wp-json\/wp\/v2\/posts\/7442\/revisions"}],"wp:featuredmedia":[{"embeddable":true,"href":"https:\/\/hostnetart.com.br\/baixada\/wp-json\/wp\/v2\/media\/7441"}],"wp:attachment":[{"href":"https:\/\/hostnetart.com.br\/baixada\/wp-json\/wp\/v2\/media?parent=7442"}],"wp:term":[{"taxonomy":"category","embeddable":true,"href":"https:\/\/hostnetart.com.br\/baixada\/wp-json\/wp\/v2\/categories?post=7442"},{"taxonomy":"post_tag","embeddable":true,"href":"https:\/\/hostnetart.com.br\/baixada\/wp-json\/wp\/v2\/tags?post=7442"}],"curies":[{"name":"wp","href":"https:\/\/api.w.org\/{rel}","templated":true}]}}