{"id":7440,"date":"2019-08-28T18:12:15","date_gmt":"2019-08-28T21:12:15","guid":{"rendered":"https:\/\/hostnetart.com.br\/baixada\/cut-completa-36-anos-nesta-quarta-feira-28\/"},"modified":"2019-08-28T18:12:15","modified_gmt":"2019-08-28T21:12:15","slug":"cut-completa-36-anos-nesta-quarta-feira-28","status":"publish","type":"post","link":"https:\/\/hostnetart.com.br\/baixada\/cut-completa-36-anos-nesta-quarta-feira-28\/","title":{"rendered":"CUT completa 36 anos nesta quarta-feira (28)"},"content":{"rendered":"<p>H\u00e1 38 anos os trabalhadores e as trabalhadoras de todo pa\u00eds davam os primeiros passos para a cria\u00e7\u00e3o da maior central sindical do pa\u00eds. Mais de cinco mil delegados e delegadas, representando 1.091 entidades sindicais de todo o Brasil, participaram da 1\u00aa Confer\u00eancia Nacional da Classe Trabalhadora (Conclat), que aconteceu na col\u00f4nia de f\u00e9rias do Sindicato dos T\u00eaxteis na Praia Grande, em S\u00e3o Paulo, entre os dias 21 e 23 de agosto de 1981.<\/p>\n<p>A Confer\u00eancia, a primeira reuni\u00e3o ampla de categorias diversas desde o golpe de 1964, foi o\u00a0<a href=\"http:\/\/cedoc.cut.org.br\/noticias\/242\/ha-38-anos-era-criada-a-comissao-nacional-pro-cut\" target=\"_blank\" rel=\"noopener noreferrer\">primeiro passo<\/a>\u00a0para que, dois anos depois [28 de agosto de 1983], surgisse a maior entidade de representa\u00e7\u00e3o das trabalhadoras e trabalhadores brasileiros, da cidade e do campo, a\u00a0<a href=\"https:\/\/www.cut.org.br\/noticias\/ha-38-anos-trabalhadores-davam-os-primeiros-passos-para-o-surgimento-da-cut-be95\">Cen<\/a><a href=\"https:\/\/www.cut.org.br\/noticias\/ha-38-anos-trabalhadores-davam-os-primeiros-passos-para-o-surgimento-da-cut-be95\" target=\"_blank\" rel=\"noopener noreferrer\">t<\/a><a href=\"https:\/\/www.cut.org.br\/noticias\/ha-38-anos-trabalhadores-davam-os-primeiros-passos-para-o-surgimento-da-cut-be95\">ral \u00danica dos Trabalhadores (CUT)<\/a>. Data de funda\u00e7\u00e3o da CUT coincide com o\u00a0<a href=\"https:\/\/contrafcut.com.br\/noticias\/dia-do-bancario-data-de-luta-e-conquistas\/\" target=\"_blank\" rel=\"noopener noreferrer\">Dia do Banc\u00e1rio<\/a>.<\/p>\n<figure class=\"wp-block-embed-youtube wp-block-embed is-type-video is-provider-youtube wp-embed-aspect-16-9 wp-has-aspect-ratio\">\n<div class=\"wp-block-embed__wrapper\">\u00a0<\/div>\n<\/figure>\n<p>Baseada em princ\u00edpios de igualdade e solidariedade, seus objetivos s\u00e3o organizar, representar sindicalmente e dirigir a luta dos trabalhadores e trabalhadoras da cidade e do campo, do setor p\u00fablico e privado, ativos e inativos por melhores condi\u00e7\u00f5es de vida e de trabalho e por uma sociedade justa e democr\u00e1tica.<\/p>\n<p>Presente em todos os ramos de atividade econ\u00f4mica do pa\u00eds, a CUT se consolida como a maior central sindical do Brasil, da Am\u00e9rica Latina e a 5\u00aa maior do mundo, com 3.806 entidades filiadas, 7.847.077 trabalhadoras e trabalhadores associados e 23.981.044 trabalhadoras e trabalhadores na base.<\/p>\n<h3><strong>CUT de volta \u00e0 Praia Grande<\/strong><\/h3>\n<p>Numa conjuntura parecida com a de 1981, 38 anos depois, a CUT voltar\u00e1 a Praia Grande para o 13\u00ba Congresso Nacional da CUT \u201cLula Livre\u201d, entre os dias 7 e 10 de outubro, com o mote \u201cSindicatos Fortes = direitos, soberania e democracia\u201d.<\/p>\n<p><strong>Fonte: Contraf-CUT<\/strong><\/p>\n","protected":false},"excerpt":{"rendered":"<p>H\u00e1 38 anos os trabalhadores e as trabalhadoras de todo pa\u00eds davam os primeiros passos para a cria\u00e7\u00e3o da maior central sindical do pa\u00eds. Mais de cinco mil delegados e delegadas, representando 1.091 entidades sindicais de todo o Brasil, participaram da 1\u00aa Confer\u00eancia Nacional da Classe Trabalhadora (Conclat), que aconteceu na col\u00f4nia de f\u00e9rias do [&hellip;]<\/p>\n","protected":false},"author":2,"featured_media":7439,"comment_status":"","ping_status":"","sticky":false,"template":"","format":"standard","meta":{"footnotes":""},"categories":[3],"tags":[],"class_list":["post-7440","post","type-post","status-publish","format-standard","has-post-thumbnail","hentry","category-noticias"],"_links":{"self":[{"href":"https:\/\/hostnetart.com.br\/baixada\/wp-json\/wp\/v2\/posts\/7440","targetHints":{"allow":["GET"]}}],"collection":[{"href":"https:\/\/hostnetart.com.br\/baixada\/wp-json\/wp\/v2\/posts"}],"about":[{"href":"https:\/\/hostnetart.com.br\/baixada\/wp-json\/wp\/v2\/types\/post"}],"author":[{"embeddable":true,"href":"https:\/\/hostnetart.com.br\/baixada\/wp-json\/wp\/v2\/users\/2"}],"replies":[{"embeddable":true,"href":"https:\/\/hostnetart.com.br\/baixada\/wp-json\/wp\/v2\/comments?post=7440"}],"version-history":[{"count":0,"href":"https:\/\/hostnetart.com.br\/baixada\/wp-json\/wp\/v2\/posts\/7440\/revisions"}],"wp:featuredmedia":[{"embeddable":true,"href":"https:\/\/hostnetart.com.br\/baixada\/wp-json\/wp\/v2\/media\/7439"}],"wp:attachment":[{"href":"https:\/\/hostnetart.com.br\/baixada\/wp-json\/wp\/v2\/media?parent=7440"}],"wp:term":[{"taxonomy":"category","embeddable":true,"href":"https:\/\/hostnetart.com.br\/baixada\/wp-json\/wp\/v2\/categories?post=7440"},{"taxonomy":"post_tag","embeddable":true,"href":"https:\/\/hostnetart.com.br\/baixada\/wp-json\/wp\/v2\/tags?post=7440"}],"curies":[{"name":"wp","href":"https:\/\/api.w.org\/{rel}","templated":true}]}}