{"id":744,"date":"2015-04-30T19:24:00","date_gmt":"2015-04-30T22:24:00","guid":{"rendered":"https:\/\/hostnetart.com.br\/baixada\/senado-fara-discussao-criteriosa-e-votara-4330-sem-pressa-garante-renan\/"},"modified":"2015-04-30T19:24:00","modified_gmt":"2015-04-30T22:24:00","slug":"senado-fara-discussao-criteriosa-e-votara-4330-sem-pressa-garante-renan","status":"publish","type":"post","link":"https:\/\/hostnetart.com.br\/baixada\/senado-fara-discussao-criteriosa-e-votara-4330-sem-pressa-garante-renan\/","title":{"rendered":"Senado far\u00e1 discuss\u00e3o criteriosa e votar\u00e1 4330 sem pressa, garante Renan"},"content":{"rendered":"<p><span style=\"color: #464646;\">Quem garantiu que o Projeto de Lei 4330, da terceiriza\u00e7\u00e3o, que precariza as condi\u00e7\u00f5es de trabalho e retira direitos da classe trabalhadora, n\u00e3o vai tramitar da mesma forma acelerada e a\u00e7odada como ocorreu na C\u00e2mara dos Deputados, foi o pr\u00f3prio Renan Calheiros, presidente do Senado, em audi\u00eancia realizada nesta ter\u00e7a-feira (28) com a CUT, a CTB, NCST e a UGT.<\/span><br style=\"color: #464646;\" \/><br style=\"color: #464646;\" \/><span style=\"color: #464646;\">Renan est\u00e1 convicto que o PL 4330 n\u00e3o regulamenta a situa\u00e7\u00e3o dos 12,7 milh\u00f5es de terceirizados. Ele concordou totalmente com o presidente da CUT, Vagner Freitas, que vem dizendo j\u00e1 h\u00e1 alguns meses e reafirmou durante a audi\u00eancia que o objetivo desse projeto \u00e9, na verdade, precarizar os outros quase 40 milh\u00f5es de trabalhadores com contratos diretos com as empresas.<\/span><br style=\"color: #464646;\" \/><br style=\"color: #464646;\" \/><span style=\"color: #464646;\">\u201cO que eles querem \u00e9 desregulamentar toda a legisla\u00e7\u00e3o trabalhista brasileira. O Brasil tem alguns valores importantes que a gente foi construindo ao longo da hist\u00f3ria. Get\u00falio Vargas deixou um legado, a carteira assinada e a CLT que agora corremos risco de perder\u201d, pontuou Vagner.<\/span><br style=\"color: #464646;\" \/><br style=\"color: #464646;\" \/><span style=\"color: #464646;\">O dirigente explicou a Renan que pediu a audi\u00eancia porque o Senado \u00e9 uma c\u00e2mara revisora, onde \u00e9 poss\u00edvel construir um PL para regulamentar a vida dos 12,7 milh\u00f5es de terceirizados. Vagner tamb\u00e9m disse a Renan que seria muito importante que ele costurasse um acordo com os partidos da coaliz\u00e3o em torno da proposta. E, por \u00faltimo, solicitou que, no debate sobre a terceiriza\u00e7\u00e3o no Senado, o presidente abrisse as galerias. \u201c\u00c9 fundamental que a gente possa expor nossa posi\u00e7\u00e3o de forma democr\u00e1tica\u201d, argumentou Vagner.<\/span><br style=\"color: #464646;\" \/><br style=\"color: #464646;\" \/><span style=\"color: #464646;\">Renan garantiu que o debate em torno do PL 4330 ser\u00e1 criterioso, transparente e a casa vai estar aberta. \u201cEu n\u00e3o tenho compromisso com o cronograma de negocia\u00e7\u00e3o\u201d, disse o presidente do Senado, em refer\u00eancia \u00e0 pressa com que o presidente da C\u00e2mara dos Deputados, Eduardo Cunha, quer encerrar a tramita\u00e7\u00e3o do projeto.\u00a0<\/span><br style=\"color: #464646;\" \/><br style=\"color: #464646;\" \/><span style=\"color: #464646;\">Para Renan, se a terceiriza\u00e7\u00e3o da atividade-fim for aprovada, o pa\u00eds ter\u00e1 um novo modelo de desenvolvimento que n\u00e3o privilegia os direitos dos trabalhadores e, sim, a precariza\u00e7\u00e3o.\u00a0<\/span><br style=\"color: #464646;\" \/><br style=\"color: #464646;\" \/><span style=\"color: #464646;\">O Senado, encerrou, tem a exata responsabilidade quanto ao tema e vai discutir o PL 4330 com debates p\u00fablicos quantas vezes forem necess\u00e1rias.\u00a0<\/span><br style=\"color: #464646;\" \/><br style=\"color: #464646;\" \/><span style=\"color: #464646;\">Fonte: CUT<\/span><\/p>\n","protected":false},"excerpt":{"rendered":"<p>Quem garantiu que o Projeto de Lei 4330, da terceiriza\u00e7\u00e3o, que precariza as condi\u00e7\u00f5es de trabalho e retira direitos da classe trabalhadora, n\u00e3o vai tramitar da mesma forma acelerada e a\u00e7odada como ocorreu na C\u00e2mara dos Deputados, foi o pr\u00f3prio Renan Calheiros, presidente do Senado, em audi\u00eancia realizada nesta ter\u00e7a-feira (28) com a CUT, a [&hellip;]<\/p>\n","protected":false},"author":1,"featured_media":0,"comment_status":"","ping_status":"","sticky":false,"template":"","format":"standard","meta":{"footnotes":""},"categories":[3],"tags":[],"class_list":["post-744","post","type-post","status-publish","format-standard","hentry","category-noticias"],"_links":{"self":[{"href":"https:\/\/hostnetart.com.br\/baixada\/wp-json\/wp\/v2\/posts\/744","targetHints":{"allow":["GET"]}}],"collection":[{"href":"https:\/\/hostnetart.com.br\/baixada\/wp-json\/wp\/v2\/posts"}],"about":[{"href":"https:\/\/hostnetart.com.br\/baixada\/wp-json\/wp\/v2\/types\/post"}],"author":[{"embeddable":true,"href":"https:\/\/hostnetart.com.br\/baixada\/wp-json\/wp\/v2\/users\/1"}],"replies":[{"embeddable":true,"href":"https:\/\/hostnetart.com.br\/baixada\/wp-json\/wp\/v2\/comments?post=744"}],"version-history":[{"count":0,"href":"https:\/\/hostnetart.com.br\/baixada\/wp-json\/wp\/v2\/posts\/744\/revisions"}],"wp:attachment":[{"href":"https:\/\/hostnetart.com.br\/baixada\/wp-json\/wp\/v2\/media?parent=744"}],"wp:term":[{"taxonomy":"category","embeddable":true,"href":"https:\/\/hostnetart.com.br\/baixada\/wp-json\/wp\/v2\/categories?post=744"},{"taxonomy":"post_tag","embeddable":true,"href":"https:\/\/hostnetart.com.br\/baixada\/wp-json\/wp\/v2\/tags?post=744"}],"curies":[{"name":"wp","href":"https:\/\/api.w.org\/{rel}","templated":true}]}}