{"id":7436,"date":"2019-08-28T18:04:13","date_gmt":"2019-08-28T21:04:13","guid":{"rendered":"https:\/\/hostnetart.com.br\/baixada\/dia-do-bancario-data-de-luta-e-conquistas\/"},"modified":"2019-08-28T18:04:13","modified_gmt":"2019-08-28T21:04:13","slug":"dia-do-bancario-data-de-luta-e-conquistas","status":"publish","type":"post","link":"https:\/\/hostnetart.com.br\/baixada\/dia-do-bancario-data-de-luta-e-conquistas\/","title":{"rendered":"Dia do Banc\u00e1rio: Data de luta e conquistas"},"content":{"rendered":"<p>No dia 28 de agosto de 1951, os banc\u00e1rios decidiram cruzar os bra\u00e7os para reivindicar um reajuste salarial de 40%. Os bancos queriam dar apenas 20%.<\/p>\n<p>Os \u00edndices oficiais do governo na \u00e9poca apontavam um aumento de 15,4% no custo de vida. Os banc\u00e1rios refizeram os c\u00e1lculos e o pr\u00f3prio governo teve que rever seus \u00edndices, que saltou para impressionantes 30,7%. Depois de 69 dias de paralisa\u00e7\u00e3o, os banc\u00e1rios conquistaram 31% de reajuste. Foi a maior greve da hist\u00f3ria da categoria. O dia 28 de agosto passou a ser considerado como o Dia do Banc\u00e1rio.<\/p>\n<p>\u201cHoje, mais do que nunca, temos que lembrar dessa hist\u00f3ria. Mais uma vez precisamos manter a categoria unida e nos fortalecer para lutarmos contra os ataques que est\u00e3o sendo desferidos n\u00e3o apenas contra nossa categoria, mas contra toda a classe trabalhadora\u201d, afirmou a presidenta da Confedera\u00e7\u00e3o Nacional dos Trabalhadores do Ramo Financeiro (Contraf-CUT), Juvandia Moreira. \u201cO maior motivo de nossa comemora\u00e7\u00e3o deve ser a manuten\u00e7\u00e3o de nossa aposentadoria e de todos os demais direitos\u00a0<a href=\"https:\/\/contrafcut.com.br\/wp-content\/uploads\/anexos\/convenios\/2b2f727bc33ea8bfb0c4ea349ed3bbea\/file\/cct-geral.PDF\" target=\"_blank\" rel=\"noopener noreferrer\">expressos em nossa CCT<\/a>\u201d, completou.<\/p>\n<h3><strong>Muito al\u00e9m do reajuste<\/strong><\/h3>\n<p>Mas, al\u00e9m do reajuste, a greve de 1951 tamb\u00e9m fez surgir sindicatos de banc\u00e1rios em v\u00e1rios pontos do pa\u00eds. Assim, tamb\u00e9m \u00e9 indiscut\u00edvel a import\u00e2ncia da greve para a organiza\u00e7\u00e3o da luta da categoria, que de l\u00e1 para c\u00e1 obteve\u00a0<a href=\"https:\/\/spbancarios.com.br\/04\/2019\/sindicato-96-anos-de-luta-e-conquistas-para-categoria-bancaria\" target=\"_blank\" rel=\"noopener noreferrer\">muitas outras conquistas<\/a>. \u201cNossa categoria \u00e9 a \u00fanica do pa\u00eds com uma Conven\u00e7\u00e3o Coletiva de Trabalho (CCT) nacional. Nossas negocia\u00e7\u00f5es s\u00e3o realizadas em mesa \u00fanica, com bancos p\u00fablicos e privados e nossas conquistas s\u00e3o v\u00e1lidas para banc\u00e1rios de todo territ\u00f3rio nacional\u201d, ressaltou a presidenta da Contraf-CUT.<\/p>\n<p>Outro m\u00e9rito da greve de 1951, foi a contesta\u00e7\u00e3o dos dados oficiais do governo. A partir da\u00ed, surgiram as bases para a cria\u00e7\u00e3o do\u00a0<a href=\"https:\/\/www.dieese.org.br\/\" target=\"_blank\" rel=\"noopener noreferrer\">Departamento Intersindical de Estat\u00edstica e Estudos Socioecon\u00f4micos (Dieese)<\/a>. O Dieese nasceu com o objetivo de municiar os trabalhadores com dados estat\u00edsticos confi\u00e1veis.<\/p>\n<h3><strong>Funda\u00e7\u00e3o da CUT<\/strong><\/h3>\n<p>O dia 28 de agosto tamb\u00e9m deve ser comemorado como dia de luta por ser o dia de\u00a0<a href=\"https:\/\/www.cut.org.br\/noticias\/ha-38-anos-trabalhadores-davam-os-primeiros-passos-para-o-surgimento-da-cut-be95\" target=\"_blank\" rel=\"noopener noreferrer\">funda\u00e7\u00e3o da Central \u00danica dos Trabalhadores (CUT)<\/a>, durante o 1\u00ba Congresso Nacional da Classe Trabalhadora (Conclat), em 1983. Ainda durante a ditadura militar.<\/p>\n<p><strong>Fonte:\u00a0Contraf-CUT<\/strong><\/p>\n","protected":false},"excerpt":{"rendered":"<p>No dia 28 de agosto de 1951, os banc\u00e1rios decidiram cruzar os bra\u00e7os para reivindicar um reajuste salarial de 40%. Os bancos queriam dar apenas 20%. Os \u00edndices oficiais do governo na \u00e9poca apontavam um aumento de 15,4% no custo de vida. Os banc\u00e1rios refizeram os c\u00e1lculos e o pr\u00f3prio governo teve que rever seus [&hellip;]<\/p>\n","protected":false},"author":2,"featured_media":7435,"comment_status":"","ping_status":"","sticky":false,"template":"","format":"standard","meta":{"footnotes":""},"categories":[3],"tags":[],"class_list":["post-7436","post","type-post","status-publish","format-standard","has-post-thumbnail","hentry","category-noticias"],"_links":{"self":[{"href":"https:\/\/hostnetart.com.br\/baixada\/wp-json\/wp\/v2\/posts\/7436","targetHints":{"allow":["GET"]}}],"collection":[{"href":"https:\/\/hostnetart.com.br\/baixada\/wp-json\/wp\/v2\/posts"}],"about":[{"href":"https:\/\/hostnetart.com.br\/baixada\/wp-json\/wp\/v2\/types\/post"}],"author":[{"embeddable":true,"href":"https:\/\/hostnetart.com.br\/baixada\/wp-json\/wp\/v2\/users\/2"}],"replies":[{"embeddable":true,"href":"https:\/\/hostnetart.com.br\/baixada\/wp-json\/wp\/v2\/comments?post=7436"}],"version-history":[{"count":0,"href":"https:\/\/hostnetart.com.br\/baixada\/wp-json\/wp\/v2\/posts\/7436\/revisions"}],"wp:featuredmedia":[{"embeddable":true,"href":"https:\/\/hostnetart.com.br\/baixada\/wp-json\/wp\/v2\/media\/7435"}],"wp:attachment":[{"href":"https:\/\/hostnetart.com.br\/baixada\/wp-json\/wp\/v2\/media?parent=7436"}],"wp:term":[{"taxonomy":"category","embeddable":true,"href":"https:\/\/hostnetart.com.br\/baixada\/wp-json\/wp\/v2\/categories?post=7436"},{"taxonomy":"post_tag","embeddable":true,"href":"https:\/\/hostnetart.com.br\/baixada\/wp-json\/wp\/v2\/tags?post=7436"}],"curies":[{"name":"wp","href":"https:\/\/api.w.org\/{rel}","templated":true}]}}