{"id":7430,"date":"2019-08-27T13:42:11","date_gmt":"2019-08-27T16:42:11","guid":{"rendered":"https:\/\/hostnetart.com.br\/baixada\/soberania-nacional-estara-em-debate-no-dia-4-de-setembro-em-brasilia\/"},"modified":"2019-08-27T13:42:11","modified_gmt":"2019-08-27T16:42:11","slug":"soberania-nacional-estara-em-debate-no-dia-4-de-setembro-em-brasilia","status":"publish","type":"post","link":"https:\/\/hostnetart.com.br\/baixada\/soberania-nacional-estara-em-debate-no-dia-4-de-setembro-em-brasilia\/","title":{"rendered":"Soberania Nacional estar\u00e1 em debate no dia 4 de setembro, em Bras\u00edlia"},"content":{"rendered":"<div class=\"elementor-element elementor-element-194680ec elementor-widget elementor-widget-theme-post-content\" data-id=\"194680ec\" data-element_type=\"widget\" data-widget_type=\"theme-post-content.default\">\n<div class=\"elementor-widget-container\">\n<p>A soberania do Brasil e de seu povo ser\u00e1 o tema de um ato e um semin\u00e1rio no dia 4 de setembro, em Bras\u00edlia. A Confedera\u00e7\u00e3o Nacional dos Trabalhadores do Ramo Financeiro (Contraf-CUT), se une a outras entidades e organiza\u00e7\u00f5es representativas de profissionais da educa\u00e7\u00e3o, juristas, cientistas, estudantes, parlamentares, religiosos, lideran\u00e7as de movimentos sociais e populares e todos os interessados na preserva\u00e7\u00e3o de nosso patrim\u00f4nio p\u00fablico, das riquezas naturais, ind\u00fastria nacional e autonomia das pesquisas cient\u00edficas para abordar o tema.<\/p>\n<p>O evento ser\u00e1 realizado em Bras\u00edlia, no audit\u00f3rio Nereu Ramos da C\u00e2mara dos Deputados, com in\u00edcio previsto para 9h do dia 4. Al\u00e9m do desenvolvimento econ\u00f4mico e soberania nacional, estar\u00e3o em debate quest\u00f5es relacionadas \u00e0s privatiza\u00e7\u00f5es (em bancos, Correios, Eletrobr\u00e1s, Petrobras e na Previd\u00eancia), meio ambiente, ci\u00eancia e tecnologia e educa\u00e7\u00e3o. A ideia \u00e9 aprovar um manifesto e encaminhamentos para a constru\u00e7\u00e3o de um movimento nacional.<\/p>\n<p>No encerramento, haver\u00e1 a divulga\u00e7\u00e3o do Manifesto em Defesa da Soberania Nacional.<\/p>\n<p>Est\u00e3o previstos debates sobre Desenvolvimento Econ\u00f4mico e Soberania Nacional; Privatiza\u00e7\u00f5es: Bancos, Correios, Previd\u00eancia, Eletrobr\u00e1s e Petrobr\u00e1s; Ambiental: Amaz\u00f4nia, Biodiversidade, Minera\u00e7\u00e3o e \u00c1gua; e Ci\u00eancia Tecnologia e Educa\u00e7\u00e3o.<\/p>\n<h3>Confira a programa\u00e7\u00e3o<\/h3>\n<div class=\"wp-block-image\">\n<figure class=\"aligncenter is-resized\"><img fetchpriority=\"high\" decoding=\"async\" class=\"wp-image-273784 lazyloaded\" src=\"https:\/\/contrafcut.com.br\/wp-content\/uploads\/2019\/08\/1-programacao.jpg?x60830\" alt=\"\" width=\"640\" height=\"369\" data-lazy-src=\"https:\/\/contrafcut.com.br\/wp-content\/uploads\/2019\/08\/1-programacao.jpg?x60830\" data-was-processed=\"true\" \/><\/figure>\n<\/div>\n<\/div>\n<\/div>\n<div class=\"elementor-element elementor-element-12fb8eb elementor-widget elementor-widget-heading\" data-id=\"12fb8eb\" data-element_type=\"widget\" data-widget_type=\"heading.default\">\n<div class=\"elementor-widget-container\">\n<h2 class=\"elementor-heading-title elementor-size-medium\"><strong>Fonte: Contraf-CUT<\/strong><\/h2>\n<\/div>\n<\/div>\n","protected":false},"excerpt":{"rendered":"<p>A soberania do Brasil e de seu povo ser\u00e1 o tema de um ato e um semin\u00e1rio no dia 4 de setembro, em Bras\u00edlia. A Confedera\u00e7\u00e3o Nacional dos Trabalhadores do Ramo Financeiro (Contraf-CUT), se une a outras entidades e organiza\u00e7\u00f5es representativas de profissionais da educa\u00e7\u00e3o, juristas, cientistas, estudantes, parlamentares, religiosos, lideran\u00e7as de movimentos sociais e [&hellip;]<\/p>\n","protected":false},"author":2,"featured_media":7429,"comment_status":"","ping_status":"","sticky":false,"template":"","format":"standard","meta":{"footnotes":""},"categories":[3],"tags":[],"class_list":["post-7430","post","type-post","status-publish","format-standard","has-post-thumbnail","hentry","category-noticias"],"_links":{"self":[{"href":"https:\/\/hostnetart.com.br\/baixada\/wp-json\/wp\/v2\/posts\/7430","targetHints":{"allow":["GET"]}}],"collection":[{"href":"https:\/\/hostnetart.com.br\/baixada\/wp-json\/wp\/v2\/posts"}],"about":[{"href":"https:\/\/hostnetart.com.br\/baixada\/wp-json\/wp\/v2\/types\/post"}],"author":[{"embeddable":true,"href":"https:\/\/hostnetart.com.br\/baixada\/wp-json\/wp\/v2\/users\/2"}],"replies":[{"embeddable":true,"href":"https:\/\/hostnetart.com.br\/baixada\/wp-json\/wp\/v2\/comments?post=7430"}],"version-history":[{"count":0,"href":"https:\/\/hostnetart.com.br\/baixada\/wp-json\/wp\/v2\/posts\/7430\/revisions"}],"wp:featuredmedia":[{"embeddable":true,"href":"https:\/\/hostnetart.com.br\/baixada\/wp-json\/wp\/v2\/media\/7429"}],"wp:attachment":[{"href":"https:\/\/hostnetart.com.br\/baixada\/wp-json\/wp\/v2\/media?parent=7430"}],"wp:term":[{"taxonomy":"category","embeddable":true,"href":"https:\/\/hostnetart.com.br\/baixada\/wp-json\/wp\/v2\/categories?post=7430"},{"taxonomy":"post_tag","embeddable":true,"href":"https:\/\/hostnetart.com.br\/baixada\/wp-json\/wp\/v2\/tags?post=7430"}],"curies":[{"name":"wp","href":"https:\/\/api.w.org\/{rel}","templated":true}]}}