{"id":743,"date":"2015-04-30T19:23:00","date_gmt":"2015-04-30T22:23:00","guid":{"rendered":"https:\/\/hostnetart.com.br\/baixada\/em-nota-cut-condena-ataque-aos-professores-do-parana\/"},"modified":"2015-04-30T19:23:00","modified_gmt":"2015-04-30T22:23:00","slug":"em-nota-cut-condena-ataque-aos-professores-do-parana","status":"publish","type":"post","link":"https:\/\/hostnetart.com.br\/baixada\/em-nota-cut-condena-ataque-aos-professores-do-parana\/","title":{"rendered":"Em nota, CUT condena ataque aos professores do Paran\u00e1"},"content":{"rendered":"<div id=\"col-mask\">\n<div id=\"post-6203\" class=\"post-6203 post type-post status-publish format-standard hentry category-noticias post-content\">\n<h2 class=\"post-title\">Em nota, CUT condena ataque aos professores do Paran\u00e1<\/h2>\n<div class=\"post-meta\">Postado em <time class=\"entry-date\" datetime=\"2015-04-30T15:45:05+00:00\">30 de abril de 2015<\/time><span class=\"cats\">em <a title=\"Ver todos os posts em Not\u00edcias\" href=\"http:\/\/www.bancariosbaixada.org\/category\/noticias\/\" rel=\"category tag\">Not\u00edcias<\/a><\/span> \/ <span class=\"comments\"><a title=\"0 Coment\u00e1rio(s)\" href=\"http:\/\/www.bancariosbaixada.org\/em-nota-cut-condena-ataque-aos-professores-do-parana\/#comments\">0 Coment\u00e1rio(s)<\/a><\/span><\/div>\n<div class=\"real-content\">\n<p><span style=\"color: #464646;\">Um dia ap\u00f3s o Dia Mundial da Educa\u00e7\u00e3o os professores p\u00fablicos estaduais do Estado do Paran\u00e1 foram barbaramente reprimidos pela pol\u00edcia militar.<\/span><br style=\"color: #464646;\" \/><br style=\"color: #464646;\" \/><span style=\"color: #464646;\">As imagens s\u00e3o chocantes. Acontecimentos desse tipo poderiam ser pensados durante a ditadura militar, dificilmente nos dias de hoje.<\/span><br style=\"color: #464646;\" \/><br style=\"color: #464646;\" \/><span style=\"color: #464646;\">Os professores paranaenses haviam suspendido temporariamente a greve, demonstrando disposi\u00e7\u00e3o de negocia\u00e7\u00e3o, no entanto o truculento governo de Beto Richa (PSDB) demonstrou, mais uma vez, que nos governos tucanos a educa\u00e7\u00e3o \u00e9 tratada com descaso e viol\u00eancia.<\/span><br style=\"color: #464646;\" \/><br style=\"color: #464646;\" \/><span style=\"color: #464646;\">A CUT, que est\u00e1 desde o in\u00edcio junto com os professores do Paran\u00e1, manifesta sua total e irrestrita solidariedade aos\/\u00e0s educadores\/as, e repudia veementemente a atitude do governador paranaense por n\u00e3o negociar com o funcionalismo e principalmente, pela irresponsabilidade ao ordenar tamanha viol\u00eancia contra os\/\u00e0s professores\/as.<\/span><br style=\"color: #464646;\" \/><br style=\"color: #464646;\" \/><span style=\"color: #464646;\">Todo apoio aos\/\u00e0s professores\/as paranaenses.<\/span><br style=\"color: #464646;\" \/><br style=\"color: #464646;\" \/><span style=\"color: #464646;\">Viva a APP Sindicato.<\/span><\/p>\n<\/div>\n<\/div>\n<\/div>\n","protected":false},"excerpt":{"rendered":"<p>Em nota, CUT condena ataque aos professores do Paran\u00e1 Postado em 30 de abril de 2015em Not\u00edcias \/ 0 Coment\u00e1rio(s) Um dia ap\u00f3s o Dia Mundial da Educa\u00e7\u00e3o os professores p\u00fablicos estaduais do Estado do Paran\u00e1 foram barbaramente reprimidos pela pol\u00edcia militar.As imagens s\u00e3o chocantes. Acontecimentos desse tipo poderiam ser pensados durante a ditadura militar, [&hellip;]<\/p>\n","protected":false},"author":1,"featured_media":0,"comment_status":"","ping_status":"","sticky":false,"template":"","format":"standard","meta":{"footnotes":""},"categories":[3],"tags":[],"class_list":["post-743","post","type-post","status-publish","format-standard","hentry","category-noticias"],"_links":{"self":[{"href":"https:\/\/hostnetart.com.br\/baixada\/wp-json\/wp\/v2\/posts\/743","targetHints":{"allow":["GET"]}}],"collection":[{"href":"https:\/\/hostnetart.com.br\/baixada\/wp-json\/wp\/v2\/posts"}],"about":[{"href":"https:\/\/hostnetart.com.br\/baixada\/wp-json\/wp\/v2\/types\/post"}],"author":[{"embeddable":true,"href":"https:\/\/hostnetart.com.br\/baixada\/wp-json\/wp\/v2\/users\/1"}],"replies":[{"embeddable":true,"href":"https:\/\/hostnetart.com.br\/baixada\/wp-json\/wp\/v2\/comments?post=743"}],"version-history":[{"count":0,"href":"https:\/\/hostnetart.com.br\/baixada\/wp-json\/wp\/v2\/posts\/743\/revisions"}],"wp:attachment":[{"href":"https:\/\/hostnetart.com.br\/baixada\/wp-json\/wp\/v2\/media?parent=743"}],"wp:term":[{"taxonomy":"category","embeddable":true,"href":"https:\/\/hostnetart.com.br\/baixada\/wp-json\/wp\/v2\/categories?post=743"},{"taxonomy":"post_tag","embeddable":true,"href":"https:\/\/hostnetart.com.br\/baixada\/wp-json\/wp\/v2\/tags?post=743"}],"curies":[{"name":"wp","href":"https:\/\/api.w.org\/{rel}","templated":true}]}}