{"id":7428,"date":"2019-08-26T12:50:25","date_gmt":"2019-08-26T15:50:25","guid":{"rendered":"https:\/\/hostnetart.com.br\/baixada\/transparencia-no-saude-caixa-e-obrigacao-do-banco\/"},"modified":"2019-08-26T12:50:25","modified_gmt":"2019-08-26T15:50:25","slug":"transparencia-no-saude-caixa-e-obrigacao-do-banco","status":"publish","type":"post","link":"https:\/\/hostnetart.com.br\/baixada\/transparencia-no-saude-caixa-e-obrigacao-do-banco\/","title":{"rendered":"Transpar\u00eancia no Sa\u00fade Caixa \u00e9 obriga\u00e7\u00e3o do banco"},"content":{"rendered":"<p>Depois de muita reivindica\u00e7\u00e3o da Confedera\u00e7\u00e3o Nacional dos Trabalhadores do Ramo Financeiro (Contraf-CUT) e da Comiss\u00e3o Executiva dos Empregados (CEE\/CAIXA), o presidente da Caixa, Pedro Guimar\u00e3es, divulgou um v\u00eddeo streaming, no qual, entre outros assuntos, declarou que o banco iria divulgar o balan\u00e7o do Sa\u00fade Caixa em breve.<\/p>\n<p>\u201cEssas informa\u00e7\u00f5es s\u00e3o imprescind\u00edveis para o conhecimento dos empregados quanto \u00e0 estrutura e ao cen\u00e1rio do plano de assist\u00eancia \u00e0 sa\u00fade, bem como para subsidiar os debates feitos no GT Sa\u00fade Caixa e no Conselho de Usu\u00e1rios do Sa\u00fade Caixa que subsidiam \u00e0 negocia\u00e7\u00e3o coletiva\u201d, explicou Fabiana Uehara Proscholdt, coordenadora do Grupo de Trabalho (GT) do Sa\u00fade Caixa e secret\u00e1ria da Cultura da Contraf-CUT. \u201cO Sa\u00fade Caixa \u00e9 uma das maiores conquistas dos trabalhadores do banco e \u00e9 de nosso interesse acompanhar o plano j\u00e1 que al\u00e9m de defendermos o atual formato de custeio, \u00e9 que ele tamb\u00e9m permane\u00e7a sustent\u00e1vel\u201d, completou.<\/p>\n<p>Os representantes dos empregados esperam que os n\u00fameros sejam divulgados na pr\u00f3xima reuni\u00e3o da mesa permanente de negocia\u00e7\u00e3o.<\/p>\n<p><strong>Fonte: Contraf-CUT<\/strong><\/p>\n","protected":false},"excerpt":{"rendered":"<p>Depois de muita reivindica\u00e7\u00e3o da Confedera\u00e7\u00e3o Nacional dos Trabalhadores do Ramo Financeiro (Contraf-CUT) e da Comiss\u00e3o Executiva dos Empregados (CEE\/CAIXA), o presidente da Caixa, Pedro Guimar\u00e3es, divulgou um v\u00eddeo streaming, no qual, entre outros assuntos, declarou que o banco iria divulgar o balan\u00e7o do Sa\u00fade Caixa em breve. \u201cEssas informa\u00e7\u00f5es s\u00e3o imprescind\u00edveis para o conhecimento [&hellip;]<\/p>\n","protected":false},"author":2,"featured_media":7427,"comment_status":"","ping_status":"","sticky":false,"template":"","format":"standard","meta":{"footnotes":""},"categories":[3],"tags":[],"class_list":["post-7428","post","type-post","status-publish","format-standard","has-post-thumbnail","hentry","category-noticias"],"_links":{"self":[{"href":"https:\/\/hostnetart.com.br\/baixada\/wp-json\/wp\/v2\/posts\/7428","targetHints":{"allow":["GET"]}}],"collection":[{"href":"https:\/\/hostnetart.com.br\/baixada\/wp-json\/wp\/v2\/posts"}],"about":[{"href":"https:\/\/hostnetart.com.br\/baixada\/wp-json\/wp\/v2\/types\/post"}],"author":[{"embeddable":true,"href":"https:\/\/hostnetart.com.br\/baixada\/wp-json\/wp\/v2\/users\/2"}],"replies":[{"embeddable":true,"href":"https:\/\/hostnetart.com.br\/baixada\/wp-json\/wp\/v2\/comments?post=7428"}],"version-history":[{"count":0,"href":"https:\/\/hostnetart.com.br\/baixada\/wp-json\/wp\/v2\/posts\/7428\/revisions"}],"wp:featuredmedia":[{"embeddable":true,"href":"https:\/\/hostnetart.com.br\/baixada\/wp-json\/wp\/v2\/media\/7427"}],"wp:attachment":[{"href":"https:\/\/hostnetart.com.br\/baixada\/wp-json\/wp\/v2\/media?parent=7428"}],"wp:term":[{"taxonomy":"category","embeddable":true,"href":"https:\/\/hostnetart.com.br\/baixada\/wp-json\/wp\/v2\/categories?post=7428"},{"taxonomy":"post_tag","embeddable":true,"href":"https:\/\/hostnetart.com.br\/baixada\/wp-json\/wp\/v2\/tags?post=7428"}],"curies":[{"name":"wp","href":"https:\/\/api.w.org\/{rel}","templated":true}]}}