{"id":7426,"date":"2019-08-26T12:49:25","date_gmt":"2019-08-26T15:49:25","guid":{"rendered":"https:\/\/hostnetart.com.br\/baixada\/contraf-cut-e-entidades-entregam-a-parlamentares-carta-de-apoio-ao-pdc-956\/"},"modified":"2019-08-26T12:49:25","modified_gmt":"2019-08-26T15:49:25","slug":"contraf-cut-e-entidades-entregam-a-parlamentares-carta-de-apoio-ao-pdc-956","status":"publish","type":"post","link":"https:\/\/hostnetart.com.br\/baixada\/contraf-cut-e-entidades-entregam-a-parlamentares-carta-de-apoio-ao-pdc-956\/","title":{"rendered":"Contraf-CUT e entidades entregam a parlamentares carta de apoio ao PDC 956"},"content":{"rendered":"<p>A Confedera\u00e7\u00e3o Nacional dos Trabalhadores do Ramo Financeiro (Contraf-CUT), sindicatos e entidades representativas dos trabalhadores das empresas estatais entregaram, na quarta-feira (21), uma carta \u00e0s lideran\u00e7as dos partidos para ajudar na sensibiliza\u00e7\u00e3o da vota\u00e7\u00e3o do PDC 956\/2018 que prop\u00f5e sustar os efeitos da Resolu\u00e7\u00e3o CGPAR n\u00ba 23.<\/p>\n<p>O projeto foi apresentado pela deputada Erika Kokay (PT-DF) em 28 de maio de 2018, passou por duas comiss\u00f5es na C\u00e2mara e agora seguir\u00e1 para vota\u00e7\u00e3o no plen\u00e1rio, onde precisar\u00e1 de maioria simples para ser aprovado.<\/p>\n<p>O documento, explica que a resolu\u00e7\u00e3o precariza o sistema brasileiro de sa\u00fade coletiva j\u00e1 que com o desmonte dos planos de autogest\u00e3o, milh\u00f5es de trabalhadores e seus familiares acabar\u00e3o deixando as autogest\u00f5es, causando inclusive sobrecarga ainda maior ao SUS.<\/p>\n<p>As medidas impostas pela CGPAR 23 encarecem os programas de sa\u00fade das estatais, determinam a proibi\u00e7\u00e3o da ades\u00e3o de novos contratados, a restri\u00e7\u00e3o do acesso a aposentados, cobran\u00e7as por faixa et\u00e1ria, car\u00eancias e franquias e, principalmente, reduzem a participa\u00e7\u00e3o das estatais no custeio da assist\u00eancia m\u00e9dica, criando teto com base em percentual da folha de pagamento, no caso do Sa\u00fade Caixa, 6,5%.<\/p>\n<p>O objetivo da atividade foi solicitar o apoio dos parlamentares para que incentivem o presidente da Casa a pautar o PDC o mais breve poss\u00edvel no plen\u00e1rio e, que, uma vez pautado, obtenha o voto favor\u00e1vel da maioria.<\/p>\n<p>O documento foi entregue aos deputados S\u00f3stenes Cavalcante (DEM\/RJ), relator do projeto na CCJC, Assis Carvalho (PT\/PI), Luiz Carlos Mota (PL\/SP), F\u00e9lix Mendon\u00e7a Junior (PDT\/CE) l\u00edder do partido, Daniel Almeida (PCdoB\/BA) l\u00edder do partido, Lincoln Portela (PL\/MG), Jandira Feghali (PCdoB\/RJ), l\u00edder da minoria e Jos\u00e9 Carlos (PT\/PI), sendo que todos assumiram o compromisso com a defesa da sa\u00fade dos trabalhadores e suas fam\u00edlias.<\/p>\n<p>O trabalho de conversar com os parlamentares tem que continuar at\u00e9 que o PDC seja pautado e aprovado. Os trabalhadores das empresas estatais, seus familiares e simpatizantes da causa devem se unir para tamb\u00e9m pressionar os deputados federais pela aprova\u00e7\u00e3o do projeto. Al\u00e9m da Contraf-CUT, , assinam o documento a Fenae, a Associa\u00e7\u00e3o Nacional dos Funcion\u00e1rios do Banco do Brasil (ANABB), Associa\u00e7\u00e3o Nacional dos Participantes de Fundos de Pens\u00e3o (Anapar), Associa\u00e7\u00e3o dos Funcion\u00e1rios do BNDES, Federa\u00e7\u00e3o Interestadual dos Trabalhadores Urbanit\u00e1rios do Centro Oeste (FURCEN), Federa\u00e7\u00e3o Interestadual dos Sindicatos dos Trabalhadores e Trabalhadoras dos Correios (FINDECT), Federa\u00e7\u00e3o \u00danica dos Petroleiros (FUP), Federa\u00e7\u00e3o Nacional dos petroleiros (FNP), Federa\u00e7\u00e3o Nacional dos Trabalhadores em Empresas de Correios e Tel\u00e9grafos e Similares (FENTECT), Sindicato dos Eletricit\u00e1rios de Furnas e DME (Sindefurnas) e Sindicato Nacional dos Trabalhadores de Pesquisa e Desenvolvimento Agropecu\u00e1rio (Sinpaf).<\/p>\n<p><strong>Fonte: Contraf-CUT<\/strong><\/p>\n","protected":false},"excerpt":{"rendered":"<p>A Confedera\u00e7\u00e3o Nacional dos Trabalhadores do Ramo Financeiro (Contraf-CUT), sindicatos e entidades representativas dos trabalhadores das empresas estatais entregaram, na quarta-feira (21), uma carta \u00e0s lideran\u00e7as dos partidos para ajudar na sensibiliza\u00e7\u00e3o da vota\u00e7\u00e3o do PDC 956\/2018 que prop\u00f5e sustar os efeitos da Resolu\u00e7\u00e3o CGPAR n\u00ba 23. O projeto foi apresentado pela deputada Erika Kokay [&hellip;]<\/p>\n","protected":false},"author":2,"featured_media":7425,"comment_status":"","ping_status":"","sticky":false,"template":"","format":"standard","meta":{"footnotes":""},"categories":[3],"tags":[],"class_list":["post-7426","post","type-post","status-publish","format-standard","has-post-thumbnail","hentry","category-noticias"],"_links":{"self":[{"href":"https:\/\/hostnetart.com.br\/baixada\/wp-json\/wp\/v2\/posts\/7426","targetHints":{"allow":["GET"]}}],"collection":[{"href":"https:\/\/hostnetart.com.br\/baixada\/wp-json\/wp\/v2\/posts"}],"about":[{"href":"https:\/\/hostnetart.com.br\/baixada\/wp-json\/wp\/v2\/types\/post"}],"author":[{"embeddable":true,"href":"https:\/\/hostnetart.com.br\/baixada\/wp-json\/wp\/v2\/users\/2"}],"replies":[{"embeddable":true,"href":"https:\/\/hostnetart.com.br\/baixada\/wp-json\/wp\/v2\/comments?post=7426"}],"version-history":[{"count":0,"href":"https:\/\/hostnetart.com.br\/baixada\/wp-json\/wp\/v2\/posts\/7426\/revisions"}],"wp:featuredmedia":[{"embeddable":true,"href":"https:\/\/hostnetart.com.br\/baixada\/wp-json\/wp\/v2\/media\/7425"}],"wp:attachment":[{"href":"https:\/\/hostnetart.com.br\/baixada\/wp-json\/wp\/v2\/media?parent=7426"}],"wp:term":[{"taxonomy":"category","embeddable":true,"href":"https:\/\/hostnetart.com.br\/baixada\/wp-json\/wp\/v2\/categories?post=7426"},{"taxonomy":"post_tag","embeddable":true,"href":"https:\/\/hostnetart.com.br\/baixada\/wp-json\/wp\/v2\/tags?post=7426"}],"curies":[{"name":"wp","href":"https:\/\/api.w.org\/{rel}","templated":true}]}}