{"id":7424,"date":"2019-08-26T12:48:38","date_gmt":"2019-08-26T15:48:38","guid":{"rendered":"https:\/\/hostnetart.com.br\/baixada\/contraf-cut-participa-de-roda-de-dialogo-com-bancarios-do-rio-de-janeiro\/"},"modified":"2019-08-26T12:48:38","modified_gmt":"2019-08-26T15:48:38","slug":"contraf-cut-participa-de-roda-de-dialogo-com-bancarios-do-rio-de-janeiro","status":"publish","type":"post","link":"https:\/\/hostnetart.com.br\/baixada\/contraf-cut-participa-de-roda-de-dialogo-com-bancarios-do-rio-de-janeiro\/","title":{"rendered":"Contraf-CUT participa de roda de di\u00e1logo com banc\u00e1rios do Rio de Janeiro"},"content":{"rendered":"<p>A Confedera\u00e7\u00e3o Nacional dos Trabalhadores do Ramo Financeiro (Contraf-CUT) participar\u00e1, no dia 26 de agosto, da roda de di\u00e1logo dos banc\u00e1rios do Rio de Janeiro.\u00a0 Com o tema \u201cSindicalismo e Sociedade \u2013 Tranformando-se para transformar\u201d, o evento tem como objetivo fortalecer a luta contra todas as formas de discrimina\u00e7\u00e3o na sociedade.\u00a0<\/p>\n<p>Dentre as presen\u00e7as confirmadas para a roda de conversa, est\u00e3o: a presidenta do Sindicato dos Banc\u00e1rios do Rio de Janeiro, Adriana Nalesso; o advogado Lucas Bulgarelli: e o diretor executivo da Contraf-CUT e membro da Comiss\u00e3o Nacional de G\u00eanero, Ra\u00e7a, Orienta\u00e7\u00e3o Sexual e Trabalhadores e Trabalhadoras com defici\u00eancia (CGROS), Adilson Barros.\u00a0<\/p>\n<p>Na ocasi\u00e3o, tamb\u00e9m acontecer\u00e1 o lan\u00e7amento do Coletivo da Diversidade e Coletivo LGBTQI+ dos banc\u00e1rios Rio. \u00a0\u201cA iniciativa\u00a0 \u00e9 fortalecer cada vez mais as frentes e sinalizar que, apesar de tamanho retrocesso aos direitos, estaremos sempre no \u201cfront \u201d para combater todas as formas de discrimina\u00e7\u00e3o na sociedade\u201d, afirmou Adilson Barros.<\/p>\n<p><strong>Fonte: Contraf-CUT<\/strong><\/p>\n","protected":false},"excerpt":{"rendered":"<p>A Confedera\u00e7\u00e3o Nacional dos Trabalhadores do Ramo Financeiro (Contraf-CUT) participar\u00e1, no dia 26 de agosto, da roda de di\u00e1logo dos banc\u00e1rios do Rio de Janeiro.\u00a0 Com o tema \u201cSindicalismo e Sociedade \u2013 Tranformando-se para transformar\u201d, o evento tem como objetivo fortalecer a luta contra todas as formas de discrimina\u00e7\u00e3o na sociedade.\u00a0 Dentre as presen\u00e7as confirmadas [&hellip;]<\/p>\n","protected":false},"author":2,"featured_media":7423,"comment_status":"","ping_status":"","sticky":false,"template":"","format":"standard","meta":{"footnotes":""},"categories":[3],"tags":[],"class_list":["post-7424","post","type-post","status-publish","format-standard","has-post-thumbnail","hentry","category-noticias"],"_links":{"self":[{"href":"https:\/\/hostnetart.com.br\/baixada\/wp-json\/wp\/v2\/posts\/7424","targetHints":{"allow":["GET"]}}],"collection":[{"href":"https:\/\/hostnetart.com.br\/baixada\/wp-json\/wp\/v2\/posts"}],"about":[{"href":"https:\/\/hostnetart.com.br\/baixada\/wp-json\/wp\/v2\/types\/post"}],"author":[{"embeddable":true,"href":"https:\/\/hostnetart.com.br\/baixada\/wp-json\/wp\/v2\/users\/2"}],"replies":[{"embeddable":true,"href":"https:\/\/hostnetart.com.br\/baixada\/wp-json\/wp\/v2\/comments?post=7424"}],"version-history":[{"count":0,"href":"https:\/\/hostnetart.com.br\/baixada\/wp-json\/wp\/v2\/posts\/7424\/revisions"}],"wp:featuredmedia":[{"embeddable":true,"href":"https:\/\/hostnetart.com.br\/baixada\/wp-json\/wp\/v2\/media\/7423"}],"wp:attachment":[{"href":"https:\/\/hostnetart.com.br\/baixada\/wp-json\/wp\/v2\/media?parent=7424"}],"wp:term":[{"taxonomy":"category","embeddable":true,"href":"https:\/\/hostnetart.com.br\/baixada\/wp-json\/wp\/v2\/categories?post=7424"},{"taxonomy":"post_tag","embeddable":true,"href":"https:\/\/hostnetart.com.br\/baixada\/wp-json\/wp\/v2\/tags?post=7424"}],"curies":[{"name":"wp","href":"https:\/\/api.w.org\/{rel}","templated":true}]}}