{"id":7422,"date":"2019-08-26T12:45:15","date_gmt":"2019-08-26T15:45:15","guid":{"rendered":"https:\/\/hostnetart.com.br\/baixada\/contraf-cut-contesta-venda-de-acoes-do-banco-do-brasil\/"},"modified":"2019-08-26T12:45:15","modified_gmt":"2019-08-26T15:45:15","slug":"contraf-cut-contesta-venda-de-acoes-do-banco-do-brasil","status":"publish","type":"post","link":"https:\/\/hostnetart.com.br\/baixada\/contraf-cut-contesta-venda-de-acoes-do-banco-do-brasil\/","title":{"rendered":"Contraf-CUT contesta venda de a\u00e7\u00f5es do Banco do Brasil"},"content":{"rendered":"<p>A Confedera\u00e7\u00e3o Nacional dos Trabalhadores do Ramo Financeiro (Contraf-CUT) enviou nesta quinta-feira (22) um\u00a0<a href=\"https:\/\/contrafcut.com.br\/of-13719-oficio-ao-sr-rubens-novaes-presidente-do-banco-do-brasil\/\" target=\"_blank\" rel=\"noopener noreferrer\">of\u00edcio ao presidente do Banco do Brasil<\/a>, expressando preocupa\u00e7\u00e3o com o an\u00fancio de venda de a\u00e7\u00f5es do banco do Brasil e ratificando sua posi\u00e7\u00e3o em defesa do car\u00e1ter p\u00fablico da institui\u00e7\u00e3o.<\/p>\n<p>O of\u00edcio observa que entre as\u00a0<a href=\"https:\/\/drive.google.com\/file\/d\/100s56sqqm-8aceXRj4tJoHnYu-EWFXi5\/view\" target=\"_blank\" rel=\"noopener noreferrer\">resolu\u00e7\u00f5es do Conselho do Programa de Parcerias de Investimentos (PPI)<\/a>, realizada na quarta-feira (21) \u201cconsta que o controlador do Banco do Brasil S.A., o governo federal, disponibilizar\u00e1 sua participa\u00e7\u00e3o acion\u00e1ria ao Programa Nacional de Desestatiza\u00e7\u00e3o\u201d e que esse fato traz \u201cgrande apreens\u00e3o \u00e0 sociedade brasileira e, particularmente, aos funcion\u00e1rios do banco\u201d.<\/p>\n<p>O texto lembra que o BB \u201ccumpre importante papel social e \u00e9 uma das principais institui\u00e7\u00f5es financeiras com atua\u00e7\u00e3o na presta\u00e7\u00e3o de cr\u00e9dito agr\u00edcola, no atendimento a programas sociais oficiais e no financiamento \u00e0 execu\u00e7\u00e3o de pol\u00edticas p\u00fablicas em todas as regi\u00f5es do pa\u00eds\u201d e que sua manuten\u00e7\u00e3o como banco p\u00fablico \u201c\u00e9 imprescind\u00edvel \u00e0 condu\u00e7\u00e3o das pol\u00edticas p\u00fablicas com vistas ao crescimento econ\u00f4mico e o desenvolvimento social do pa\u00eds\u201d.<\/p>\n<p>Dada a import\u00e2ncia do banco para a sociedade, a Contraf-CUT questiona se a decis\u00e3o tomada pelo Conselho do PPI coloca em risco o controle acion\u00e1rio do banco pelo governo federal e se a iniciativa trata-se da abertura do caminho para a privatiza\u00e7\u00e3o do banco.<\/p>\n<h3><strong>Nota da Caref<\/strong><\/h3>\n<p>A representante eleita pelos funcion\u00e1rios para o Conselho de Administra\u00e7\u00e3o (Caref) do Banco do Brasil, D\u00e9bora Fonseca, tamb\u00e9m emitiu\u00a0<a href=\"https:\/\/contrafcut.com.br\/nota-caref\/\" target=\"_blank\" rel=\"noopener noreferrer\">nota sobre o assunto<\/a>. D\u00e9bora observou que em 2015 o governo federal detinha 57,7% das a\u00e7\u00f5es do Banco do Brasil e que, antes desse an\u00fancio, o percentual era de 50,7%.<\/p>\n<p>Para D\u00e9bora, \u201ca medida dificulta a atua\u00e7\u00e3o do BB enquanto banco p\u00fablico, aumentando a influ\u00eancia de acionistas privados nas decis\u00f5es estrat\u00e9gicas do banco\u201d.<\/p>\n<p>Ela diz ainda que a decis\u00e3o \u201cvisa a redu\u00e7\u00e3o do papel do Estado sem justificativa ou an\u00e1lise e desconsidera o papel fundamental que o BB sempre exerceu no desenvolvimento econ\u00f4mico e social do pa\u00eds\u201d.<\/p>\n<p><strong>Fonte:<\/strong>\u00a0<strong>Contraf-CUT<\/strong><\/p>\n","protected":false},"excerpt":{"rendered":"<p>A Confedera\u00e7\u00e3o Nacional dos Trabalhadores do Ramo Financeiro (Contraf-CUT) enviou nesta quinta-feira (22) um\u00a0of\u00edcio ao presidente do Banco do Brasil, expressando preocupa\u00e7\u00e3o com o an\u00fancio de venda de a\u00e7\u00f5es do banco do Brasil e ratificando sua posi\u00e7\u00e3o em defesa do car\u00e1ter p\u00fablico da institui\u00e7\u00e3o. O of\u00edcio observa que entre as\u00a0resolu\u00e7\u00f5es do Conselho do Programa de [&hellip;]<\/p>\n","protected":false},"author":2,"featured_media":7421,"comment_status":"","ping_status":"","sticky":false,"template":"","format":"standard","meta":{"footnotes":""},"categories":[3],"tags":[],"class_list":["post-7422","post","type-post","status-publish","format-standard","has-post-thumbnail","hentry","category-noticias"],"_links":{"self":[{"href":"https:\/\/hostnetart.com.br\/baixada\/wp-json\/wp\/v2\/posts\/7422","targetHints":{"allow":["GET"]}}],"collection":[{"href":"https:\/\/hostnetart.com.br\/baixada\/wp-json\/wp\/v2\/posts"}],"about":[{"href":"https:\/\/hostnetart.com.br\/baixada\/wp-json\/wp\/v2\/types\/post"}],"author":[{"embeddable":true,"href":"https:\/\/hostnetart.com.br\/baixada\/wp-json\/wp\/v2\/users\/2"}],"replies":[{"embeddable":true,"href":"https:\/\/hostnetart.com.br\/baixada\/wp-json\/wp\/v2\/comments?post=7422"}],"version-history":[{"count":0,"href":"https:\/\/hostnetart.com.br\/baixada\/wp-json\/wp\/v2\/posts\/7422\/revisions"}],"wp:featuredmedia":[{"embeddable":true,"href":"https:\/\/hostnetart.com.br\/baixada\/wp-json\/wp\/v2\/media\/7421"}],"wp:attachment":[{"href":"https:\/\/hostnetart.com.br\/baixada\/wp-json\/wp\/v2\/media?parent=7422"}],"wp:term":[{"taxonomy":"category","embeddable":true,"href":"https:\/\/hostnetart.com.br\/baixada\/wp-json\/wp\/v2\/categories?post=7422"},{"taxonomy":"post_tag","embeddable":true,"href":"https:\/\/hostnetart.com.br\/baixada\/wp-json\/wp\/v2\/tags?post=7422"}],"curies":[{"name":"wp","href":"https:\/\/api.w.org\/{rel}","templated":true}]}}