{"id":7420,"date":"2019-08-26T12:43:27","date_gmt":"2019-08-26T15:43:27","guid":{"rendered":"https:\/\/hostnetart.com.br\/baixada\/mobilizacao-popular-pode-reverter-processo-de-privatizacoes\/"},"modified":"2019-08-26T12:43:27","modified_gmt":"2019-08-26T15:43:27","slug":"mobilizacao-popular-pode-reverter-processo-de-privatizacoes","status":"publish","type":"post","link":"https:\/\/hostnetart.com.br\/baixada\/mobilizacao-popular-pode-reverter-processo-de-privatizacoes\/","title":{"rendered":"Mobiliza\u00e7\u00e3o popular pode reverter processo de privatiza\u00e7\u00f5es"},"content":{"rendered":"<p>A mobiliza\u00e7\u00e3o popular ser\u00e1 fundamental para evitar os processos de privatiza\u00e7\u00e3o do Programa de Parcerias de Investimentos (PPI), que teve o seu escopo de projetos que deseja conceder \u00e0 iniciativa privada ampliado. De acordo com o an\u00fancio do governo federal, realizado no fim da tarde desta quarta-feira (21), agora s\u00e3o 17 empresas estatais que v\u00e3o dos Correios at\u00e9 a Casa da Moeda.<\/p>\n<p>Boa parte das propostas ainda depende da aprova\u00e7\u00e3o do Congresso Nacional. Isso porque o\u00a0<a href=\"https:\/\/brasil.elpais.com\/tag\/stf_supremo_tribunal_federal\/a\/\">Supremo Tribunal Federal<\/a>\u00a0decidiu que as privatiza\u00e7\u00f5es das companhias estatais precisam da aprova\u00e7\u00e3o pr\u00e9via do Congresso Nacional, em vota\u00e7\u00e3o nas duas casas, C\u00e2mara dos Deputados e Senado Federal. O Governo ter\u00e1 de enviar um projeto espec\u00edfico de cada uma das empresas e negociar com os parlamentares para que cada um seja aprovado individualmente.<\/p>\n<p>Para a presidenta da Confedera\u00e7\u00e3o Nacional dos Trabalhadores do Ramo Financeiro (Contraf-CUT),\u00a0<a href=\"https:\/\/contrafcut.com.br\/?s=Juvandia+Moreira\" target=\"_blank\" rel=\"noopener noreferrer\">Juvandia Moreira<\/a>, a press\u00e3o dos trabalhadores junto aos parlamentares ser\u00e1 fundamenta para reverter este quadro. \u201cEste governo j\u00e1 deixou claro que quer \u2018vender tudo o que for poss\u00edvel\u2019. Desconsidera o papel estrat\u00e9gico que muitas das empresas t\u00eam para a manuten\u00e7\u00e3o da soberania nacional. Gra\u00e7as \u00e0 Eletrobras, o governo conseguiu levar energia el\u00e9trica \u00e0s regi\u00f5es rurais e casas que n\u00e3o eram atendidas. S\u00e3o os bancos p\u00fablicos que t\u00eam ag\u00eancias em cidades que n\u00e3o interessam aos bancos privados\u201d, disse.<\/p>\n<p>O caso mais grave \u00e9 o do Banco do Brasil, pois a venda de a\u00e7\u00f5es do BB \u00e9 a \u00fanica opera\u00e7\u00e3o que, na pr\u00e1tica, poder\u00e1 ocorrer neste ano, por depender s\u00f3 da Uni\u00e3o para se concretizar. Todos os demais projetos est\u00e3o na fase de estudos de viabilidade e o processo s\u00f3 deve ser conclu\u00eddo no pr\u00f3ximo ano, contrariando o ministro Paulo Guedes (Economia), que, na ter\u00e7a (20), afirmou que haveria 17 empresas \u00e0 venda neste ano.<\/p>\n<p>Grande parte das empresas p\u00fablicas s\u00e3o lucrativas. Contribuem com dividendos para o Tesouro Nacional, mas, muito mais do que isso, elas s\u00e3o fundamentais para a realiza\u00e7\u00e3o de pol\u00edticas sociais que beneficiam a sociedade e garantem o desenvolvimento regional de forma mais equitativa. Desconsiderar esse car\u00e1ter das empresas p\u00fablicas \u00e9 relegar a popula\u00e7\u00e3o mais pobre \u00e0 gan\u00e2ncia das empresas privadas, que s\u00f3 pensam em lucro\u201d, concluiu a presidenta.<\/p>\n<p><strong>Fonte: Contraf-CUT<\/strong><\/p>\n","protected":false},"excerpt":{"rendered":"<p>A mobiliza\u00e7\u00e3o popular ser\u00e1 fundamental para evitar os processos de privatiza\u00e7\u00e3o do Programa de Parcerias de Investimentos (PPI), que teve o seu escopo de projetos que deseja conceder \u00e0 iniciativa privada ampliado. De acordo com o an\u00fancio do governo federal, realizado no fim da tarde desta quarta-feira (21), agora s\u00e3o 17 empresas estatais que v\u00e3o [&hellip;]<\/p>\n","protected":false},"author":2,"featured_media":7419,"comment_status":"","ping_status":"","sticky":false,"template":"","format":"standard","meta":{"footnotes":""},"categories":[3],"tags":[],"class_list":["post-7420","post","type-post","status-publish","format-standard","has-post-thumbnail","hentry","category-noticias"],"_links":{"self":[{"href":"https:\/\/hostnetart.com.br\/baixada\/wp-json\/wp\/v2\/posts\/7420","targetHints":{"allow":["GET"]}}],"collection":[{"href":"https:\/\/hostnetart.com.br\/baixada\/wp-json\/wp\/v2\/posts"}],"about":[{"href":"https:\/\/hostnetart.com.br\/baixada\/wp-json\/wp\/v2\/types\/post"}],"author":[{"embeddable":true,"href":"https:\/\/hostnetart.com.br\/baixada\/wp-json\/wp\/v2\/users\/2"}],"replies":[{"embeddable":true,"href":"https:\/\/hostnetart.com.br\/baixada\/wp-json\/wp\/v2\/comments?post=7420"}],"version-history":[{"count":0,"href":"https:\/\/hostnetart.com.br\/baixada\/wp-json\/wp\/v2\/posts\/7420\/revisions"}],"wp:featuredmedia":[{"embeddable":true,"href":"https:\/\/hostnetart.com.br\/baixada\/wp-json\/wp\/v2\/media\/7419"}],"wp:attachment":[{"href":"https:\/\/hostnetart.com.br\/baixada\/wp-json\/wp\/v2\/media?parent=7420"}],"wp:term":[{"taxonomy":"category","embeddable":true,"href":"https:\/\/hostnetart.com.br\/baixada\/wp-json\/wp\/v2\/categories?post=7420"},{"taxonomy":"post_tag","embeddable":true,"href":"https:\/\/hostnetart.com.br\/baixada\/wp-json\/wp\/v2\/tags?post=7420"}],"curies":[{"name":"wp","href":"https:\/\/api.w.org\/{rel}","templated":true}]}}