{"id":742,"date":"2015-04-30T19:21:00","date_gmt":"2015-04-30T22:21:00","guid":{"rendered":"https:\/\/hostnetart.com.br\/baixada\/parabens-trabalhadores-neste-1-de-maio\/"},"modified":"2015-04-30T19:21:00","modified_gmt":"2015-04-30T22:21:00","slug":"parabens-trabalhadores-neste-1-de-maio","status":"publish","type":"post","link":"https:\/\/hostnetart.com.br\/baixada\/parabens-trabalhadores-neste-1-de-maio\/","title":{"rendered":"Parab\u00e9ns trabalhadores neste 1\u00ba de Maio"},"content":{"rendered":"<p style=\"color: #747474;\"><b>Este feriado de<\/b><span style=\"color: #000000;\"><b>\u00a0<\/b>sexta-feira<\/span>\u00a0<b>\u00e9 especial: comemora-se o Dia do Trabalhador. Para quem n\u00e3o sabe, O Dia Mundial do Trabalho foi criado em 1889, por um Congresso Socialista realizado em Paris.<\/b><b>\u00a0<\/b><\/p>\n<p style=\"color: #747474;\"><b>A data foi escolhida em homenagem \u00e0 greve geral, que aconteceu em 1\u00ba de maio de 1886, em Chicago, o principal centro industrial dos Estados Unidos naquela \u00e9poca.\u00a0 Milhares de trabalhadores foram \u00e0s ruas para protestar contra as condi\u00e7\u00f5es de trabalho desumanas a que eram submetidos e exigir a redu\u00e7\u00e3o da jornada de trabalho de 13 para 8 horas di\u00e1rias.<\/b><b>\u00a0<\/b><\/p>\n<p style=\"color: #747474;\"><b>Que este dia sirva para pensarmos sobre o futuro do pa\u00eds e as mudan\u00e7as que ainda t\u00eam de ser realizadas para que o Brasil se torne um pa\u00eds mais justo em suas leis trabalhistas. E, tamb\u00e9m, para lembrarmos quem lutou, em certos casos at\u00e9 com a pr\u00f3pria vida.<\/b><b>\u00a0<\/b><\/p>\n<p style=\"color: #747474;\"><b>O Sindicato dos Banc\u00e1rios da Baixada Fluminense, parabeniza a todos os Banc\u00e1rios (as) neste Dia 1\u00ba de Maio \u2013 Dia do Trabalhador!<\/b><\/p>\n","protected":false},"excerpt":{"rendered":"<p>Este feriado de\u00a0sexta-feira\u00a0\u00e9 especial: comemora-se o Dia do Trabalhador. Para quem n\u00e3o sabe, O Dia Mundial do Trabalho foi criado em 1889, por um Congresso Socialista realizado em Paris.\u00a0 A data foi escolhida em homenagem \u00e0 greve geral, que aconteceu em 1\u00ba de maio de 1886, em Chicago, o principal centro industrial dos Estados Unidos [&hellip;]<\/p>\n","protected":false},"author":1,"featured_media":741,"comment_status":"","ping_status":"","sticky":false,"template":"","format":"standard","meta":{"footnotes":""},"categories":[3],"tags":[],"class_list":["post-742","post","type-post","status-publish","format-standard","has-post-thumbnail","hentry","category-noticias"],"_links":{"self":[{"href":"https:\/\/hostnetart.com.br\/baixada\/wp-json\/wp\/v2\/posts\/742","targetHints":{"allow":["GET"]}}],"collection":[{"href":"https:\/\/hostnetart.com.br\/baixada\/wp-json\/wp\/v2\/posts"}],"about":[{"href":"https:\/\/hostnetart.com.br\/baixada\/wp-json\/wp\/v2\/types\/post"}],"author":[{"embeddable":true,"href":"https:\/\/hostnetart.com.br\/baixada\/wp-json\/wp\/v2\/users\/1"}],"replies":[{"embeddable":true,"href":"https:\/\/hostnetart.com.br\/baixada\/wp-json\/wp\/v2\/comments?post=742"}],"version-history":[{"count":0,"href":"https:\/\/hostnetart.com.br\/baixada\/wp-json\/wp\/v2\/posts\/742\/revisions"}],"wp:featuredmedia":[{"embeddable":true,"href":"https:\/\/hostnetart.com.br\/baixada\/wp-json\/wp\/v2\/media\/741"}],"wp:attachment":[{"href":"https:\/\/hostnetart.com.br\/baixada\/wp-json\/wp\/v2\/media?parent=742"}],"wp:term":[{"taxonomy":"category","embeddable":true,"href":"https:\/\/hostnetart.com.br\/baixada\/wp-json\/wp\/v2\/categories?post=742"},{"taxonomy":"post_tag","embeddable":true,"href":"https:\/\/hostnetart.com.br\/baixada\/wp-json\/wp\/v2\/tags?post=742"}],"curies":[{"name":"wp","href":"https:\/\/api.w.org\/{rel}","templated":true}]}}