{"id":7418,"date":"2019-08-26T12:42:01","date_gmt":"2019-08-26T15:42:01","guid":{"rendered":"https:\/\/hostnetart.com.br\/baixada\/contraf-cut-solicita-ao-bb-a-antecipacao-da-plr\/"},"modified":"2019-08-26T12:42:01","modified_gmt":"2019-08-26T15:42:01","slug":"contraf-cut-solicita-ao-bb-a-antecipacao-da-plr","status":"publish","type":"post","link":"https:\/\/hostnetart.com.br\/baixada\/contraf-cut-solicita-ao-bb-a-antecipacao-da-plr\/","title":{"rendered":"Contraf-CUT solicita ao BB a antecipa\u00e7\u00e3o da PLR"},"content":{"rendered":"<p>A Confedera\u00e7\u00e3o Nacional dos Trabalhadores do Ramo Financeiro (Contraf-CUT) enviou nesta sexta-feira (23) um\u00a0<a href=\"https:\/\/contrafcut.com.br\/of-13819-solicitacao-de-confirmacao-de-data-de-p\/\" target=\"_blank\" rel=\"noopener noreferrer\">of\u00edcio<\/a>\u00a0ao Banco do Brasil solicitando a antecipa\u00e7\u00e3o do pagamento aos funcion\u00e1rios da primeira parcela da Participa\u00e7\u00e3o nos Lucros e\/ou Resultados.<\/p>\n<p>Pela regra, o banco pode efetuar o pagamento at\u00e9 10 dias ap\u00f3s a distribui\u00e7\u00e3o dos dividendos aos acionistas. A Contraf-CUT solicita que o pagamento da PLR aos funcion\u00e1rios seja efetuado no mesmo dia da distribui\u00e7\u00e3o de dividendos aos acionistas.<\/p>\n<p>\u201cO banco costuma efetuar o pagamento da PLR no mesmo dia que distribui os dividendos aos acionistas. Os funcion\u00e1rios j\u00e1 se programam para receber neste mesmo dia. Com o pagamento no mesmo dia evita-se transtornos e descontentamentos\u201d, explicou o coordenador da Comiss\u00e3o de Empresa dos Funcion\u00e1rios do Banco do Brasil (CEBB), Jo\u00e3o Fukunaga. \u201cAgora, aguardamos por uma resposta positiva\u201d, completou.<\/p>\n<h3><strong>Regras da PLR do BB<\/strong><\/h3>\n<p>A PLR do banco \u00e9 composta pelo m\u00f3dulo Fenaban e pelo m\u00f3dulo BB.<\/p>\n<p>Pelo m\u00f3dulo Fenaban, o funcion\u00e1rio recebe 45% do sal\u00e1rio paradigma definido no acordo, acrescido de parcela fixa a ser definida pelo banco, para cada semestre.<\/p>\n<p>O m\u00f3dulo BB constitui-se de uma parcela constitu\u00edda pela divis\u00e3o entre os funcion\u00e1rios de 4% do lucro l\u00edquido verificado no semestre, mais uma parcela que varia conforme cumprimento do Acordo de Trabalho (ATB) ou Conex\u00e3o.<\/p>\n<p><strong>Fonte:<\/strong>\u00a0<strong>Contraf-CUT \/ Paulo Flores<\/strong><\/p>\n","protected":false},"excerpt":{"rendered":"<p>A Confedera\u00e7\u00e3o Nacional dos Trabalhadores do Ramo Financeiro (Contraf-CUT) enviou nesta sexta-feira (23) um\u00a0of\u00edcio\u00a0ao Banco do Brasil solicitando a antecipa\u00e7\u00e3o do pagamento aos funcion\u00e1rios da primeira parcela da Participa\u00e7\u00e3o nos Lucros e\/ou Resultados. Pela regra, o banco pode efetuar o pagamento at\u00e9 10 dias ap\u00f3s a distribui\u00e7\u00e3o dos dividendos aos acionistas. A Contraf-CUT solicita que [&hellip;]<\/p>\n","protected":false},"author":2,"featured_media":7417,"comment_status":"","ping_status":"","sticky":false,"template":"","format":"standard","meta":{"footnotes":""},"categories":[3],"tags":[],"class_list":["post-7418","post","type-post","status-publish","format-standard","has-post-thumbnail","hentry","category-noticias"],"_links":{"self":[{"href":"https:\/\/hostnetart.com.br\/baixada\/wp-json\/wp\/v2\/posts\/7418","targetHints":{"allow":["GET"]}}],"collection":[{"href":"https:\/\/hostnetart.com.br\/baixada\/wp-json\/wp\/v2\/posts"}],"about":[{"href":"https:\/\/hostnetart.com.br\/baixada\/wp-json\/wp\/v2\/types\/post"}],"author":[{"embeddable":true,"href":"https:\/\/hostnetart.com.br\/baixada\/wp-json\/wp\/v2\/users\/2"}],"replies":[{"embeddable":true,"href":"https:\/\/hostnetart.com.br\/baixada\/wp-json\/wp\/v2\/comments?post=7418"}],"version-history":[{"count":0,"href":"https:\/\/hostnetart.com.br\/baixada\/wp-json\/wp\/v2\/posts\/7418\/revisions"}],"wp:featuredmedia":[{"embeddable":true,"href":"https:\/\/hostnetart.com.br\/baixada\/wp-json\/wp\/v2\/media\/7417"}],"wp:attachment":[{"href":"https:\/\/hostnetart.com.br\/baixada\/wp-json\/wp\/v2\/media?parent=7418"}],"wp:term":[{"taxonomy":"category","embeddable":true,"href":"https:\/\/hostnetart.com.br\/baixada\/wp-json\/wp\/v2\/categories?post=7418"},{"taxonomy":"post_tag","embeddable":true,"href":"https:\/\/hostnetart.com.br\/baixada\/wp-json\/wp\/v2\/tags?post=7418"}],"curies":[{"name":"wp","href":"https:\/\/api.w.org\/{rel}","templated":true}]}}