{"id":7416,"date":"2019-08-22T03:44:13","date_gmt":"2019-08-22T06:44:13","guid":{"rendered":"https:\/\/hostnetart.com.br\/baixada\/floresta-amazonica-esta-a-caminho-de-se-tornar-um-imenso-pasto\/"},"modified":"2019-08-22T03:44:13","modified_gmt":"2019-08-22T06:44:13","slug":"floresta-amazonica-esta-a-caminho-de-se-tornar-um-imenso-pasto","status":"publish","type":"post","link":"https:\/\/hostnetart.com.br\/baixada\/floresta-amazonica-esta-a-caminho-de-se-tornar-um-imenso-pasto\/","title":{"rendered":"Floresta amaz\u00f4nica est\u00e1 a caminho de se tornar um imenso pasto"},"content":{"rendered":"<p>O processo de devasta\u00e7\u00e3o da Amaz\u00f4nia, agravado com a onda de inc\u00eandios sem precedentes na hist\u00f3ria, n\u00e3o \u00e9 responsabilidade da baixa umidade do ar, como entende o ministro do Meio Ambiente Ricardo Salles (Novo-SP). Apesar da seca, h\u00e1 mais umidade na regi\u00e3o amaz\u00f4nica hoje do que havia nos \u00faltimos tr\u00eas anos, conforme <a href=\"https:\/\/ipam.org.br\/bibliotecas\/nota-tecnica-amazonia-em-chamas\/\">estudo<\/a> da\u00a0Instituto de Pesquisa Ambiental da Amaz\u00f4nia (Ipam). E nem de ONGs ambientalistas ou de governadores da regi\u00e3o Norte, <a href=\"https:\/\/www.redebrasilatual.com.br\/ambiente\/2019\/08\/ao-culpar-ongs-por-queimadas-bolsonaro-tenta-desviar-foco-de-seu-fracasso-na-gestao-ambiental\/\" target=\"_blank\" rel=\"noopener noreferrer\">como disse hoje (21) Jair Bolsonaro (PSL)<\/a>. Mas da a\u00e7\u00e3o de ruralistas que avan\u00e7am seus dom\u00ednios sobre a floresta, com o objetivo claro de transform\u00e1-la em pasto e assim fazer neg\u00f3cios lucrativos.<\/p>\n<p>\u201cQueimadas s\u00e3o a segunda ferramenta usada na destrui\u00e7\u00e3o da floresta. Primeiro se retira o fil\u00e9, que \u00e9 a madeira. Quando seca o que sobrou, p\u00f5e fogo. Nessa terra degradada \u00e9 colocado o capim para se ter o pasto. \u00c9 o processo de transi\u00e7\u00e3o da floresta para pasto\u201d, disse um fiscal de \u00f3rg\u00e3o ligado \u00e0 pasta do Meio Ambiente que pediu para n\u00e3o ter a identidade revelada por temer repres\u00e1lias.<\/p>\n<p>Fazendo refer\u00eancia ao dia \u201c<a href=\"https:\/\/www.brasildefato.com.br\/2019\/08\/15\/estimulados-por-bolsonaro-fazendeiros-promovem-dia-do-fogo-na-amazonia\/\">Dia do Fogo<\/a>\u201d conclamado por ruralistas mais comprometidos com a especula\u00e7\u00e3o imobili\u00e1ria do que com a produ\u00e7\u00e3o agr\u00edcola, o servidor acredita que o setor poderia abrigar ou financiar entidades que, acredita, seriam as verdadeiras ONGs por tr\u00e1s dos inc\u00eandios.<\/p>\n<p>\u201cN\u00e3o \u00e9 mais o <a href=\"https:\/\/www.redebrasilatual.com.br\/politica\/2019\/01\/ataque-ao-ibama-marca-inicio-da-gestao-do-ministro-do-meio-ambiente-de-bolsonaro\/\">Ibama<\/a> que autoriza as queimadas, mas os estados. E nesse per\u00edodo cr\u00edtico como agora, agosto, setembro, s\u00e3o proibidas em v\u00e1rios deles. Nesse per\u00edodo a legisla\u00e7\u00e3o local n\u00e3o autoriza queima nenhuma. As queimas que acontecem, de um modo geral, s\u00e3o irregulares, aproveitando-se da \u00e9poca em que a seca est\u00e1 mais intensa\u201d, afirmou.<\/p>\n<p>Inc\u00eandios em \u00e1reas privadas ou em disputa judicial s\u00e3o combatidos pelo Corpo de Bombeiros dos estados. Em unidades de conserva\u00e7\u00e3o, terras ind\u00edgenas, territ\u00f3rios quilombolas e \u00e1reas de assentamento do Incra s\u00e3o responsabilidade do Centro Nacional de Preven\u00e7\u00e3o e Combate aos Inc\u00eandios Florestais (Prevfogo), vinculado ao Ibama. H\u00e1 casos em que os dois servi\u00e7os atuam em conjunto.<\/p>\n<p>Custeado em grande parte com recursos do Fundo Amaz\u00f4nia, o PrevFogo dever\u00e1 enfrentar dificuldades com mudan\u00e7as no caixa, principalmente depois que Noruega e Alemanha anunciaram bloqueios em seus repasses. O Fundo financia tamb\u00e9m projetos dos bombeiros de alguns estados, como de <a href=\"https:\/\/www.redebrasilatual.com.br\/destaques\/2019\/08\/bloqueio-fundo-amazonia-incendios\/\">Mato Grosso<\/a>, estado dos mais afetados pelas queimadas.<\/p>\n<p>A situa\u00e7\u00e3o \u00e9 grave. Duas pessoas morreram em Rond\u00f4nia no \u00faltimo dia 14, tragadas pelas chamas. H\u00e1 animais mortos por toda parte, mata destru\u00edda e fuma\u00e7a que se espalha por milhares de quil\u00f4metros, atravessando estados, levando doen\u00e7as respirat\u00f3rias. Em vez de transferir recursos urgentes para o combate \u00e0s chamas e \u00e0 preven\u00e7\u00e3o de novos inc\u00eandios, com mais fiscaliza\u00e7\u00e3o \u00e0s derrubadas, Bolsonaro p\u00f5e a culpa na conta de siglas que ele nem sabe quais s\u00e3o.<\/p>\n<p><strong>Fonte: Rede Brasil Atual<\/strong><\/p>\n","protected":false},"excerpt":{"rendered":"<p>O processo de devasta\u00e7\u00e3o da Amaz\u00f4nia, agravado com a onda de inc\u00eandios sem precedentes na hist\u00f3ria, n\u00e3o \u00e9 responsabilidade da baixa umidade do ar, como entende o ministro do Meio Ambiente Ricardo Salles (Novo-SP). Apesar da seca, h\u00e1 mais umidade na regi\u00e3o amaz\u00f4nica hoje do que havia nos \u00faltimos tr\u00eas anos, conforme estudo da\u00a0Instituto de [&hellip;]<\/p>\n","protected":false},"author":2,"featured_media":7415,"comment_status":"","ping_status":"","sticky":false,"template":"","format":"standard","meta":{"footnotes":""},"categories":[3],"tags":[],"class_list":["post-7416","post","type-post","status-publish","format-standard","has-post-thumbnail","hentry","category-noticias"],"_links":{"self":[{"href":"https:\/\/hostnetart.com.br\/baixada\/wp-json\/wp\/v2\/posts\/7416","targetHints":{"allow":["GET"]}}],"collection":[{"href":"https:\/\/hostnetart.com.br\/baixada\/wp-json\/wp\/v2\/posts"}],"about":[{"href":"https:\/\/hostnetart.com.br\/baixada\/wp-json\/wp\/v2\/types\/post"}],"author":[{"embeddable":true,"href":"https:\/\/hostnetart.com.br\/baixada\/wp-json\/wp\/v2\/users\/2"}],"replies":[{"embeddable":true,"href":"https:\/\/hostnetart.com.br\/baixada\/wp-json\/wp\/v2\/comments?post=7416"}],"version-history":[{"count":0,"href":"https:\/\/hostnetart.com.br\/baixada\/wp-json\/wp\/v2\/posts\/7416\/revisions"}],"wp:featuredmedia":[{"embeddable":true,"href":"https:\/\/hostnetart.com.br\/baixada\/wp-json\/wp\/v2\/media\/7415"}],"wp:attachment":[{"href":"https:\/\/hostnetart.com.br\/baixada\/wp-json\/wp\/v2\/media?parent=7416"}],"wp:term":[{"taxonomy":"category","embeddable":true,"href":"https:\/\/hostnetart.com.br\/baixada\/wp-json\/wp\/v2\/categories?post=7416"},{"taxonomy":"post_tag","embeddable":true,"href":"https:\/\/hostnetart.com.br\/baixada\/wp-json\/wp\/v2\/tags?post=7416"}],"curies":[{"name":"wp","href":"https:\/\/api.w.org\/{rel}","templated":true}]}}