{"id":7408,"date":"2019-08-21T19:08:48","date_gmt":"2019-08-21T22:08:48","guid":{"rendered":"https:\/\/hostnetart.com.br\/baixada\/associacao-de-juizes-lanca-campanha-sobre-impactos-da-minirreforma-trabalhista\/"},"modified":"2019-08-21T19:08:48","modified_gmt":"2019-08-21T22:08:48","slug":"associacao-de-juizes-lanca-campanha-sobre-impactos-da-minirreforma-trabalhista","status":"publish","type":"post","link":"https:\/\/hostnetart.com.br\/baixada\/associacao-de-juizes-lanca-campanha-sobre-impactos-da-minirreforma-trabalhista\/","title":{"rendered":"Associa\u00e7\u00e3o de Ju\u00edzes lan\u00e7a campanha sobre impactos da minirreforma trabalhista"},"content":{"rendered":"<p>A Associa\u00e7\u00e3o de Ju\u00edzes para a Democracia (AJD) lan\u00e7ou uma campanha com\u00a0<a href=\"https:\/\/www.redebrasilatual.com.br\/trabalho\/2019\/08\/ajd-mp881-minirreforma-trabalhista\/\" target=\"_blank\" rel=\"noopener noreferrer\">diversos v\u00eddeos<\/a>\u00a0para explicar os impactos da\u00a0<a href=\"https:\/\/contrafcut.com.br\/?s=MP+881\" target=\"_blank\" rel=\"noopener noreferrer\">Medida Provis\u00f3ria 881<\/a>\u00a0que entrou na pauta do Senado, nesta ter\u00e7a-feira (20). De acordo com os magistrados que participam da iniciativa, a ideia \u00e9 que, a partir destas informa\u00e7\u00f5es, a sociedade possa cobrar os parlamentares a votarem contra o projeto que pode perder a validade em 27 de agosto caso n\u00e3o seja votado.<\/p>\n<p>Para a entidade, n\u00e3o \u00e9 verdade que a seja a MP da \u201cliberdade econ\u00f4mica\u201d, ou ainda, da desburocratiza\u00e7\u00e3o do Estado. Pelo contr\u00e1rio, a proposta deve retirar ainda mais direitos dos trabalhadores brasileiros.<\/p>\n<p>No primeiro v\u00eddeo da s\u00e9rie, a presidenta da AJD, Valdete Souto Severo, explica que h\u00e1 pontos na medida que \u201cprecarizam as condi\u00e7\u00f5es de trabalho no Brasil\u201d. Entre eles, o registro de jornada por exce\u00e7\u00e3o, \u201co que significa praticamente impedir o controle da jornada e o recebimento de horas extras\u201d, explica. Ela menciona ainda a possibilidade de alguns trabalhadores deixarem de ser protegidos pelos direitos previstos na Consolida\u00e7\u00e3o das Leis Trabalhistas (CLT) e a fragiliza\u00e7\u00e3o das condi\u00e7\u00f5es do trabalhador rural.<\/p>\n<p>Ju\u00edza de Direito e integrante da AJD, Em\u00edlia Gondim Teixeira lembra que a Constitui\u00e7\u00e3o Federal tamb\u00e9m \u00e9 violada com a chamada MP da liberdade econ\u00f4mica. \u201cA proposta estabelece a livre iniciativa como um valor superior e com isso atinge o projeto constitucional, de um Estado social que se preocupa ao mesmo tempo com a garantia dos direitos humanos e a prote\u00e7\u00e3o dos direitos fundamentais\u201d, afirma a magistrada. O juiz e tamb\u00e9m integrante da entidade Andr\u00e9 Augusto Bezerra destaca que essa invers\u00e3o, que ataca os direitos dos trabalhadores no cotidiano, n\u00e3o \u00e9 \u00e0 toa. O intuito da MP, ao desconsiderar a Constitui\u00e7\u00e3o e o reconhecimento da fun\u00e7\u00e3o social do contrato, de acordo com Bezerra, \u00e9 justamente promover a \u201cexplora\u00e7\u00e3o dos mais ricos perante os mais pobres\u201d.<\/p>\n<p>Para o desembargador Jorge Luiz Souto Maior, essa viola\u00e7\u00e3o acirra ainda mais um ambiente de redu\u00e7\u00e3o dos direitos trabalhistas que j\u00e1 vinha em curso desde a aprova\u00e7\u00e3o da \u201creforma\u201d trabalhista do governo de Michel Temer, que corre o risco de ser aprofundada com apoio novamente do poder pol\u00edtico, econ\u00f4mico e da grande imprensa. \u201cTodos eles est\u00e3o alinhados na aprova\u00e7\u00e3o dessa que seria uma medida para liberdade econ\u00f4mica ferindo a Constitui\u00e7\u00e3o abertamente e tornando todos os direitos fundamentais descart\u00e1veis\u201d, observa o desembargador. Os v\u00eddeos da entidade seguem sendo divulgados nesta semana considerada fundamental para a rejei\u00e7\u00e3o da proposta.<\/p>\n<p><strong>Fonte: Contraf-CUT<\/strong><\/p>\n","protected":false},"excerpt":{"rendered":"<p>A Associa\u00e7\u00e3o de Ju\u00edzes para a Democracia (AJD) lan\u00e7ou uma campanha com\u00a0diversos v\u00eddeos\u00a0para explicar os impactos da\u00a0Medida Provis\u00f3ria 881\u00a0que entrou na pauta do Senado, nesta ter\u00e7a-feira (20). De acordo com os magistrados que participam da iniciativa, a ideia \u00e9 que, a partir destas informa\u00e7\u00f5es, a sociedade possa cobrar os parlamentares a votarem contra o projeto [&hellip;]<\/p>\n","protected":false},"author":2,"featured_media":7407,"comment_status":"","ping_status":"","sticky":false,"template":"","format":"standard","meta":{"footnotes":""},"categories":[3],"tags":[],"class_list":["post-7408","post","type-post","status-publish","format-standard","has-post-thumbnail","hentry","category-noticias"],"_links":{"self":[{"href":"https:\/\/hostnetart.com.br\/baixada\/wp-json\/wp\/v2\/posts\/7408","targetHints":{"allow":["GET"]}}],"collection":[{"href":"https:\/\/hostnetart.com.br\/baixada\/wp-json\/wp\/v2\/posts"}],"about":[{"href":"https:\/\/hostnetart.com.br\/baixada\/wp-json\/wp\/v2\/types\/post"}],"author":[{"embeddable":true,"href":"https:\/\/hostnetart.com.br\/baixada\/wp-json\/wp\/v2\/users\/2"}],"replies":[{"embeddable":true,"href":"https:\/\/hostnetart.com.br\/baixada\/wp-json\/wp\/v2\/comments?post=7408"}],"version-history":[{"count":0,"href":"https:\/\/hostnetart.com.br\/baixada\/wp-json\/wp\/v2\/posts\/7408\/revisions"}],"wp:featuredmedia":[{"embeddable":true,"href":"https:\/\/hostnetart.com.br\/baixada\/wp-json\/wp\/v2\/media\/7407"}],"wp:attachment":[{"href":"https:\/\/hostnetart.com.br\/baixada\/wp-json\/wp\/v2\/media?parent=7408"}],"wp:term":[{"taxonomy":"category","embeddable":true,"href":"https:\/\/hostnetart.com.br\/baixada\/wp-json\/wp\/v2\/categories?post=7408"},{"taxonomy":"post_tag","embeddable":true,"href":"https:\/\/hostnetart.com.br\/baixada\/wp-json\/wp\/v2\/tags?post=7408"}],"curies":[{"name":"wp","href":"https:\/\/api.w.org\/{rel}","templated":true}]}}