{"id":7402,"date":"2019-08-21T14:33:44","date_gmt":"2019-08-21T17:33:44","guid":{"rendered":"https:\/\/hostnetart.com.br\/baixada\/queimadas-na-amazonia-seguem-o-rastro-do-desmatamento-diz-instituto\/"},"modified":"2019-08-21T14:33:44","modified_gmt":"2019-08-21T17:33:44","slug":"queimadas-na-amazonia-seguem-o-rastro-do-desmatamento-diz-instituto","status":"publish","type":"post","link":"https:\/\/hostnetart.com.br\/baixada\/queimadas-na-amazonia-seguem-o-rastro-do-desmatamento-diz-instituto\/","title":{"rendered":"Queimadas na Amaz\u00f4nia seguem o rastro do desmatamento, diz Instituto"},"content":{"rendered":"<p>De acordo com nota t\u00e9cnica elaborada pelo Instituto de Pesquisa Ambiental da Amaz\u00f4nia (Ipam), o aumento no n\u00famero de queimadas na regi\u00e3o amaz\u00f4nica tem rela\u00e7\u00e3o com a a\u00e7\u00e3o humana e a pr\u00e1tica de \u201climpar\u201d \u00e1reas rec\u00e9m-desmatadas e outros tipos de terreno. O estudo indica que o desmatamento \u00e9 o prov\u00e1vel fator respons\u00e1vel por este cen\u00e1rio, e n\u00e3o a estiagem,\u00a0<a href=\"https:\/\/twitter.com\/rsallesmma\/status\/1163990341361553415\" target=\"_blank\" rel=\"noopener noreferrer\">como defendeu o ministro do Meio Ambiente, Ricardo Salles<\/a>, em seu perfil no Twitter. \u201cTempo seco, vento e calor fizeram com que os inc\u00eandios aumentassem muito em todo o Pa\u00eds\u201d, disse na rede social.<\/p>\n<p>O Ipam lembra que, apesar da seca, h\u00e1 mais umidade na Amaz\u00f4nia hoje do que havia nos \u00faltimos tr\u00eas anos, o que n\u00e3o justificaria o aumento no n\u00famero de focos de calor. \u201cA ocorr\u00eancia de inc\u00eandios em maior n\u00famero, neste ano de estiagem<br \/>mais suave, indica que o desmatamento possa ser um fator de impulsionamento \u00e0s chamas, hip\u00f3tese testada aqui com resultado positivo: a rela\u00e7\u00e3o entre os focos de inc\u00eandios e o desmatamento registrado do in\u00edcio do ano at\u00e9 o m\u00eas de julho mostra-se especialmente forte. Os dez munic\u00edpios amaz\u00f4nicos que mais registraram focos de inc\u00eandios foram tamb\u00e9m os que tiveram maiores taxas de desmatamento. Este munic\u00edpios s\u00e3o respons\u00e1veis por 37% dos focos de calor em 2019 e por 43% do desmatamento registrado at\u00e9 o m\u00eas de julho\u201d, aponta a nota.<\/p>\n<p>As queimadas s\u00e3o usadas para \u201climpar o terreno\u201d depois da derrubada das \u00e1rvores, em geral para que a terra seja utilizada por atividades econ\u00f4micas como cultivo agr\u00edcola ou pastagem para gado.<\/p>\n<p>\u201cCom a queda do desmatamento entre 2005 e 2012, os inc\u00eandios florestais arrefeceram. A retomada do desmate nos \u00faltimos anos, contudo, trouxe as chamas de volta e esfuma\u00e7ou o cotidiano da popula\u00e7\u00e3o no campo e nas cidades. A rela\u00e7\u00e3o entre desmatamento e fogo mostra-se particularmente forte neste ano de 2019. Pessoas nas cidades da Amaz\u00f4nia, e mesmo fora dela, passaram a respirar um ar mais polu\u00eddo do que o encontrado em conglomerados urbanos como S\u00e3o Paulo. Os preju\u00edzos para a sa\u00fade podem ser potencialmente catastr\u00f3ficos\u201d, afirma o documento.<\/p>\n<h4>O Acre preocupa<\/h4>\n<p>De acordo com o Ipam, os registros de inc\u00eandios em 2019 s\u00e3o nitidamente maiores nos estados do Acre, Amazonas, Mato Grosso, Rond\u00f4nia e Roraima, se comparados \u00e0queles dos \u00faltimos quatro anos. O destaque ainda mais negativo, contudo, fica para o estado do Acre, onde o impacto das queimadas pode resultar em preju\u00edzos para a sa\u00fade p\u00fablica.<\/p>\n<p>\u201cUm efeito preocupante das queimadas e inc\u00eandios \u00e9 o comprometimento da qualidade do ar. Nas \u00faltimas tr\u00eas semanas, as cidades acreanas t\u00eam enfrentado polui\u00e7\u00e3o pela fuma\u00e7a, com situa\u00e7\u00e3o cr\u00edtica nos munic\u00edpios de Assis Brasil, Manoel Urbano, Rio Branco e Sena Madureira. Em todos, os \u00edndice de concentra\u00e7\u00e3o de material particulado est\u00e3o bem acima do recomenda\u00e7\u00e3o da Organiza\u00e7\u00e3o Mundial de Sa\u00fade\u201d, pontua o Instituto, destacando que o governo estadual j\u00e1 decretou situa\u00e7\u00e3o de alerta em 9 de agosto.<\/p>\n<p>O Ipam adverte que o n\u00famero de focos de calor no estado em 2019 j\u00e1 superou o de 2016, quando houve um per\u00edodo de estiagem severa. \u201cEste ano j\u00e1 foram registrados para todo o estado do Acre, at\u00e9 14 de agosto, 1.790 focos de calor. Este n\u00famero \u00e9 57% maior que o registrado em 2018 e 23% maior que o observado em 2016, ano com seca extrema, ocasionado por um dos El Ni\u00f1os mais fortes das \u00faltimas d\u00e9cadas. Paradoxalmente, assim como no restante da regi\u00e3o amaz\u00f4nica, o n\u00famero de dias sem chuva indica que a regi\u00e3o n\u00e3o sofre uma estiagem severa neste ano, e est\u00e1 longe da seca intensa<br \/>registrada em 2016.\u201d<\/p>\n<p>O Ipam recomenda como medidas a serem adotadas a intensifica\u00e7\u00e3o do \u201ccombate \u00e0 derrubada ilegal da floresta e apoiar agricultores para que deixem de usar o fogo no preparo da terra. Reduzir o uso do fogo tem impactos positivos no bem-estar da popula\u00e7\u00e3o das cidades e do campo e resulta em menos gasto com sa\u00fade ou reposi\u00e7\u00e3o de perdas agroflorestais\u201d.<\/p>\n<h4>Sem provas, mais uma vez, Bolsonaro acusa Ongs<\/h4>\n<p>Na manh\u00e3 desta quarta-feira (21), o presidente Jair Bolsonaro voltou a atacar Ongs e insinuou que elas poderiam estar por tr\u00e1s das queimadas que atingem a regi\u00e3o amaz\u00f4nica.<\/p>\n<p>\u201cO crime existe e n\u00f3s temos que fazer o poss\u00edvel para que n\u00e3o aumente, mas n\u00f3s tiramos dinheiro de ONGs, repasses de fora, 40% ia para ONGs, n\u00e3o tem mais. De modo que esse pessoal est\u00e1 sentindo a falta de dinheiro. Pode estar havendo, n\u00e3o estou afirmando, a a\u00e7\u00e3o criminosa desses \u2018ongueiros\u2019 para chamar a aten\u00e7\u00e3o contra minha pessoa contra o governo do Brasil\u201d, afirmou.<\/p>\n<p>Ao abrir m\u00e3o de recursos da Noruega e Alemanha, que bloquearam repasses para o\u00a0<a href=\"https:\/\/www.redebrasilatual.com.br\/ambiente\/2019\/07\/descaso-bolsonaro-politicas-ambientais-xeque-acordos-internacionais\/\">Fundo Amaz\u00f4nia<\/a>, Bolsonaro n\u00e3o fragilizou as \u201cOngs\u201d, mas sim o pr\u00f3prio sistema de prote\u00e7\u00e3o da Amaz\u00f4nia, segundo a\u00a0representante do Instituto Socioambiental (ISA) Adriana Ramos.\u00a0\u201cTodo o or\u00e7amento ambiental, que j\u00e1 \u00e9 fr\u00e1gil, fica ainda mais fr\u00e1gil com a sa\u00edda desses parceiros internacionais\u201d, aponta,\u00a0<a href=\"https:\/\/www.redebrasilatual.com.br\/ambiente\/2019\/08\/suspensao-de-recursos-para-fundo-amazonia-fragilizara-sistema-de-protecao\/\" target=\"_blank\" rel=\"noopener noreferrer\">em entrevista<\/a>. sofrem tamb\u00e9m com as queimadas.<\/p>\n<p>O Fundo Amaz\u00f4nia financia projetos da Uni\u00e3o e de estados e arcou inclusive com custos de estrutura\u00e7\u00e3o de a\u00e7\u00f5es de preven\u00e7\u00e3o e combate a inc\u00eandios na regi\u00e3o junto ao Instituto Brasileiro\u00a0do Meio Ambiente e dos Recursos Naturais Renov\u00e1veis (<a href=\"http:\/\/www.ibama.gov.br\/\">Ibama<\/a>) e ao Instituto Nacional de Pesquisas Especiais (<a href=\"https:\/\/www.redebrasilatual.com.br\/ambiente\/2019\/08\/dretor-do-inpe-que-mostrou-que-desmatamento-da-amazonia-voltou-a-crescer-e-exonerado\/\">Inpe<\/a>), al\u00e9m de parcerias com o Corpo de Bombeiros do Acre, Par\u00e1 e Mato Grosso.<\/p>\n<p><span style=\"text-decoration: underline;\"><strong>Fonte: Rede Brasil Atual<\/strong><\/span><\/p>\n","protected":false},"excerpt":{"rendered":"<p>De acordo com nota t\u00e9cnica elaborada pelo Instituto de Pesquisa Ambiental da Amaz\u00f4nia (Ipam), o aumento no n\u00famero de queimadas na regi\u00e3o amaz\u00f4nica tem rela\u00e7\u00e3o com a a\u00e7\u00e3o humana e a pr\u00e1tica de \u201climpar\u201d \u00e1reas rec\u00e9m-desmatadas e outros tipos de terreno. O estudo indica que o desmatamento \u00e9 o prov\u00e1vel fator respons\u00e1vel por este cen\u00e1rio, [&hellip;]<\/p>\n","protected":false},"author":2,"featured_media":7401,"comment_status":"","ping_status":"","sticky":false,"template":"","format":"standard","meta":{"footnotes":""},"categories":[3],"tags":[],"class_list":["post-7402","post","type-post","status-publish","format-standard","has-post-thumbnail","hentry","category-noticias"],"_links":{"self":[{"href":"https:\/\/hostnetart.com.br\/baixada\/wp-json\/wp\/v2\/posts\/7402","targetHints":{"allow":["GET"]}}],"collection":[{"href":"https:\/\/hostnetart.com.br\/baixada\/wp-json\/wp\/v2\/posts"}],"about":[{"href":"https:\/\/hostnetart.com.br\/baixada\/wp-json\/wp\/v2\/types\/post"}],"author":[{"embeddable":true,"href":"https:\/\/hostnetart.com.br\/baixada\/wp-json\/wp\/v2\/users\/2"}],"replies":[{"embeddable":true,"href":"https:\/\/hostnetart.com.br\/baixada\/wp-json\/wp\/v2\/comments?post=7402"}],"version-history":[{"count":0,"href":"https:\/\/hostnetart.com.br\/baixada\/wp-json\/wp\/v2\/posts\/7402\/revisions"}],"wp:featuredmedia":[{"embeddable":true,"href":"https:\/\/hostnetart.com.br\/baixada\/wp-json\/wp\/v2\/media\/7401"}],"wp:attachment":[{"href":"https:\/\/hostnetart.com.br\/baixada\/wp-json\/wp\/v2\/media?parent=7402"}],"wp:term":[{"taxonomy":"category","embeddable":true,"href":"https:\/\/hostnetart.com.br\/baixada\/wp-json\/wp\/v2\/categories?post=7402"},{"taxonomy":"post_tag","embeddable":true,"href":"https:\/\/hostnetart.com.br\/baixada\/wp-json\/wp\/v2\/tags?post=7402"}],"curies":[{"name":"wp","href":"https:\/\/api.w.org\/{rel}","templated":true}]}}