{"id":7400,"date":"2019-08-21T14:13:26","date_gmt":"2019-08-21T17:13:26","guid":{"rendered":"https:\/\/hostnetart.com.br\/baixada\/plr-sera-paga-ate-20-de-setembro\/"},"modified":"2019-08-21T14:13:26","modified_gmt":"2019-08-21T17:13:26","slug":"plr-sera-paga-ate-20-de-setembro","status":"publish","type":"post","link":"https:\/\/hostnetart.com.br\/baixada\/plr-sera-paga-ate-20-de-setembro\/","title":{"rendered":"PLR ser\u00e1 paga at\u00e9 20 de setembro"},"content":{"rendered":"<p>O Comando Nacional dos Banc\u00e1rios se reuniu em S\u00e3o Paulo nesta ter\u00e7a-feira (20) com a Federa\u00e7\u00e3o Nacional dos Bancos (Fenaban). Em pauta estavam o abono das faltas ocorridas no dia 14 de junho, quando a categoria aderiu \u00e0\u00a0<a href=\"https:\/\/contrafcut.com.br\/noticias\/greve-geral-paralisa-agencias-bancarias-em-todo-o-pais\/\" target=\"_blank\" rel=\"noopener noreferrer\">greve geral<\/a>\u00a0convocada pelas centrais sindicais contra a reforma da Previd\u00eancia, e o cumprimento da Conven\u00e7\u00e3o Coletiva de Trabalho (CCT) com rela\u00e7\u00e3o \u00e0 garantia de reajuste nos sal\u00e1rios, cl\u00e1usulas econ\u00f4micas e as datas de pagamento da Participa\u00e7\u00e3o nos Lucros e\/ou Resultados e dos programas pr\u00f3prios dos bancos.<\/p>\n<p>Sobre a PLR, a\u00a0<a href=\"https:\/\/contrafcut.com.br\/noticias\/a-primeira-parcela-da-plr-dos-bancarios-2019-2020-deve-ser-paga-em-setembro\/\" target=\"_blank\" rel=\"noopener noreferrer\">Conven\u00e7\u00e3o Coletiva de Trabalho (CCT) da categoria determina<\/a>\u00a0que os bancos privados efetuem o pagamento at\u00e9 o dia 20 de setembro; o Banco do Brasil at\u00e9 10 dias ap\u00f3s a distribui\u00e7\u00e3o dos dividendos aos acionistas; e a Caixa at\u00e9 o dia 30 de setembro.<\/p>\n<p>Os bancos ressaltaram a dificuldade do pagamento da primeira parcela at\u00e9 o dia 20 de setembro em virtude da data de divulga\u00e7\u00e3o do INPC de agosto pelo IBGE, agendada para o dia 6 de setembro, uma sexta-feira, mas garantiram o cumprimento dos pontos acordados na CCT, inclusive a data de pagamento da PLR. Exceto o Santander, que ter\u00e1 que pagar somente no dia 30, devido ao c\u00e1lculo e sistema de pagamento do programa pr\u00f3prio.<\/p>\n<p>Caso algum banco consiga antecipar o pagamento da primeira parcela da PLR, vai informar antecipadamente ao Comando.<\/p>\n<h3>Reajuste<\/h3>\n<p>\u201cEst\u00e1 garantido o aumento real de 1% acima da infla\u00e7\u00e3o para os banc\u00e1rios de todo o pa\u00eds, que incide sobre a PLR e demais cl\u00e1usulas econ\u00f4micas. Infelizmente, a categoria deve ser uma das poucas que conseguir\u00e1 aumento real neste ano. Ainda mais entre as empresas p\u00fablicas\u201d, observou a presidenta da Confedera\u00e7\u00e3o Nacional dos Trabalhadores do Ramo Financeiro (Contraf-CUT) e uma das coordenadoras do Comando Nacional dos Banc\u00e1rios, Juvandia Moreira, lembrando que o reajuste tamb\u00e9m est\u00e1 garantido para os banc\u00e1rios da Caixa Econ\u00f4mica Federal, Banco do Brasil e demais bancos p\u00fablicos que comp\u00f5em a mesa \u00fanica de negocia\u00e7\u00f5es.<\/p>\n<p>O reajuste com aumento real (INPC + 1%) incide sobre os sal\u00e1rios e demais cl\u00e1usulas econ\u00f4micas, como vale refei\u00e7\u00e3o, vale alimenta\u00e7\u00e3o, aux\u00edlio creche\/bab\u00e1, PLR, pisos, gratifica\u00e7\u00f5es e 13\u00aa cesta.<\/p>\n<h3>Abono da greve<\/h3>\n<p>Sobre o abono do dia da greve geral, a Fenaban vai consultar os bancos e dar\u00e1 a resposta para o Comando at\u00e9 o final do m\u00eas.<\/p>\n<p>\u201cOs bancos descontaram o dia como se fosse uma falta normal, gerando perdas, inclusive do descanso semanal remunerado. Os bancos estavam informados sobre a greve\u201d, afirmou a presidenta do Sindicato dos Banc\u00e1rios de S\u00e3o Paulo, Osasco e Regi\u00e3o, Ivone Silva, a outra coordenadora do Comando.<\/p>\n<h3><strong>Trabalho aos s\u00e1bados<\/strong><\/h3>\n<p>O Comando Nacional ressaltou a\u00a0<a href=\"https:\/\/contrafcut.com.br\/noticias\/bancarios-sao-contra-trabalho-aos-sabados-domingo-e-feriados\/\" target=\"_blank\" rel=\"noopener noreferrer\">contrariedade da categoria<\/a>\u00a0com a proposta de abertura de ag\u00eancias e de trabalho aos s\u00e1bados e que vai continuar lutando contra a aprova\u00e7\u00e3o do\u00a0<a href=\"https:\/\/www.camara.leg.br\/proposicoesWeb\/prop_mostrarintegra?codteor=1782158&amp;filename=PLV+17\/2019+MPV88119\" target=\"_blank\" rel=\"noopener noreferrer\">Projeto de Lei de Convers\u00e3o (PLV) 17\/2019<\/a>\u00a0(antiga MP 881\/2019) pelo Senado.<\/p>\n<p><strong>Fonte:<\/strong>\u00a0<strong>Contraf-CUT<\/strong><\/p>\n","protected":false},"excerpt":{"rendered":"<p>O Comando Nacional dos Banc\u00e1rios se reuniu em S\u00e3o Paulo nesta ter\u00e7a-feira (20) com a Federa\u00e7\u00e3o Nacional dos Bancos (Fenaban). Em pauta estavam o abono das faltas ocorridas no dia 14 de junho, quando a categoria aderiu \u00e0\u00a0greve geral\u00a0convocada pelas centrais sindicais contra a reforma da Previd\u00eancia, e o cumprimento da Conven\u00e7\u00e3o Coletiva de Trabalho [&hellip;]<\/p>\n","protected":false},"author":2,"featured_media":7399,"comment_status":"","ping_status":"","sticky":false,"template":"","format":"standard","meta":{"footnotes":""},"categories":[3],"tags":[],"class_list":["post-7400","post","type-post","status-publish","format-standard","has-post-thumbnail","hentry","category-noticias"],"_links":{"self":[{"href":"https:\/\/hostnetart.com.br\/baixada\/wp-json\/wp\/v2\/posts\/7400","targetHints":{"allow":["GET"]}}],"collection":[{"href":"https:\/\/hostnetart.com.br\/baixada\/wp-json\/wp\/v2\/posts"}],"about":[{"href":"https:\/\/hostnetart.com.br\/baixada\/wp-json\/wp\/v2\/types\/post"}],"author":[{"embeddable":true,"href":"https:\/\/hostnetart.com.br\/baixada\/wp-json\/wp\/v2\/users\/2"}],"replies":[{"embeddable":true,"href":"https:\/\/hostnetart.com.br\/baixada\/wp-json\/wp\/v2\/comments?post=7400"}],"version-history":[{"count":0,"href":"https:\/\/hostnetart.com.br\/baixada\/wp-json\/wp\/v2\/posts\/7400\/revisions"}],"wp:featuredmedia":[{"embeddable":true,"href":"https:\/\/hostnetart.com.br\/baixada\/wp-json\/wp\/v2\/media\/7399"}],"wp:attachment":[{"href":"https:\/\/hostnetart.com.br\/baixada\/wp-json\/wp\/v2\/media?parent=7400"}],"wp:term":[{"taxonomy":"category","embeddable":true,"href":"https:\/\/hostnetart.com.br\/baixada\/wp-json\/wp\/v2\/categories?post=7400"},{"taxonomy":"post_tag","embeddable":true,"href":"https:\/\/hostnetart.com.br\/baixada\/wp-json\/wp\/v2\/tags?post=7400"}],"curies":[{"name":"wp","href":"https:\/\/api.w.org\/{rel}","templated":true}]}}