{"id":740,"date":"2015-04-16T19:19:00","date_gmt":"2015-04-16T22:19:00","guid":{"rendered":"https:\/\/hostnetart.com.br\/baixada\/cut-alerta-sobre-pl-4330-e-pede-empenho-nas-paralisacoes-desta-quarta\/"},"modified":"2015-04-16T19:19:00","modified_gmt":"2015-04-16T22:19:00","slug":"cut-alerta-sobre-pl-4330-e-pede-empenho-nas-paralisacoes-desta-quarta","status":"publish","type":"post","link":"https:\/\/hostnetart.com.br\/baixada\/cut-alerta-sobre-pl-4330-e-pede-empenho-nas-paralisacoes-desta-quarta\/","title":{"rendered":"CUT alerta sobre PL 4330 e pede empenho nas paralisa\u00e7\u00f5es desta quarta"},"content":{"rendered":"<p><span style=\"color: #464646;\">\u201cTodos os nossos sindicatos devem colocar as sua estruturas e sua capacidade de mobiliza\u00e7\u00e3o a servi\u00e7o das paralisa\u00e7\u00f5es da pr\u00f3xima quarta-feira, dia 15\u2033, afirmou em entrevista, na tarde desta segunda (13), o presidente nacional da CUT, Vagner Freitas.<\/span><br style=\"color: #464646;\" \/><br style=\"color: #464646;\" \/><span style=\"color: #464646;\">\u201cTodas as nossas entidades t\u00eam de convocar, realizar algum ato. \u00c9 nossa responsabilidade, porque estamos diante de um forte ataque do Congresso Nacional dos direitos dos trabalhadores e trabalhadoras\u201d, completou.<\/span><br style=\"color: #464646;\" \/><br style=\"color: #464646;\" \/><span style=\"color: #464646;\">O pr\u00f3ximo 15 de abril \u00e9 Dia Nacional de Paralisa\u00e7\u00e3o contra o PL 4330, projeto que vai liberar geral a terceiriza\u00e7\u00e3o no mercado de trabalho.<\/span><br style=\"color: #464646;\" \/><br style=\"color: #464646;\" \/><span style=\"color: #464646;\">Se esse projeto seguir adiante, as empresas no Brasil v\u00e3o poder terceirizar todas as suas atividades, em todos os seus departamentos e se\u00e7\u00f5es.<\/span><br style=\"color: #464646;\" \/><br style=\"color: #464646;\" \/><b style=\"color: #464646;\">\u201cVoc\u00ea ser\u00e1 demitido\u201d<\/b><br style=\"color: #464646;\" \/><br style=\"color: #464646;\" \/><span style=\"color: #464646;\">Como terceirizar \u00e9 bem mais barato, os empres\u00e1rios e patr\u00f5es v\u00e3o demitir os funcion\u00e1rios que t\u00eam carteira assinada para contratar outros, que ter\u00e3o sal\u00e1rios bem menores. \u201cOu seja, se o PL 4330 passar e virar realidade, voc\u00ea ser\u00e1 demitido\u201d, alerta Vagner.<\/span><br style=\"color: #464646;\" \/><br style=\"color: #464646;\" \/><span style=\"color: #464646;\">Ele argumenta: \u201cPor que um banco vai manter um caixa em sua ag\u00eancia se ele pode gastar bem menos com um correspondente banc\u00e1rio, contratando os servi\u00e7os de uma lot\u00e9rica ou ag\u00eancia de correio, ou at\u00e9 mesmo uma farm\u00e1cia?\u201d\u00a0<\/span><br style=\"color: #464646;\" \/><br style=\"color: #464646;\" \/><span style=\"color: #464646;\">\u201cUma grande montadora vai demitir grupos de metal\u00fargicos e contratar uma pequena firma, uma ret\u00edfica qualquer, para fazer determinados servi\u00e7os. Os grandes acionistas das empresas n\u00e3o est\u00e3o nem a\u00ed, o que eles querem \u00e9 gastar menos, ter mais lucro\u201d, diz.<\/span><br style=\"color: #464646;\" \/><br style=\"color: #464646;\" \/><span style=\"color: #464646;\">\u201cO que as pessoas t\u00eam de prestar aten\u00e7\u00e3o\u201d, segundo Vagner, \u00e9 que ao contr\u00e1rio do que dizem os empres\u00e1rios e a m\u00eddia tradicional, o PL 4330 n\u00e3o vai proteger quem j\u00e1 \u00e9 terceirizado. \u201cO projeto vai \u00e9 tornar todo mundo terceirizado\u201d.<\/span><br style=\"color: #464646;\" \/><br style=\"color: #464646;\" \/><b style=\"color: #464646;\">\u201cA CLT vai ser rasgada\u201d<\/b><br style=\"color: #464646;\" \/><br style=\"color: #464646;\" \/><span style=\"color: #464646;\">Hoje, segundo pesquisa do Dieese (Departamento Intersindical de Estat\u00edstica e Estudos Sociecon\u00f4micos), 73% dos brasileiros s\u00e3o contratados diretamente pelas empresas. E os demais 27% s\u00e3o terceirizados.<\/span><br style=\"color: #464646;\" \/><br style=\"color: #464646;\" \/><span style=\"color: #464646;\">O presidente da CUT destaca que hoje em dia, \u201cinfelizmente\u201d, os terceirizados trabalham em m\u00e9dia tr\u00eas horas a mais por semana e ganham em m\u00e9dia 24% menos e, geralmente, n\u00e3o recebem equipamento ou uniformes adequados.<\/span><br style=\"color: #464646;\" \/><br style=\"color: #464646;\" \/><span style=\"color: #464646;\">Muitos deles inclusive n\u00e3o t\u00eam carteira assinada. Portanto, rapidamente, os brasileiros e brasileiras v\u00e3o come\u00e7ar a perder os seus direitos.\u00a0<\/span><br style=\"color: #464646;\" \/><br style=\"color: #464646;\" \/><span style=\"color: #464646;\">A CLT (Consolida\u00e7\u00e3o das Leis do Trabalho) vai desaparecer. Ent\u00e3o, adeus 13\u00ba, f\u00e9rias remuneradas, vale-refei\u00e7\u00e3o, vale-transporte, descanso semanal remunerado. \u201cA CLT vai ser rasgada e jogada no lixo\u201d, resume.<\/span><br style=\"color: #464646;\" \/><br style=\"color: #464646;\" \/><span style=\"color: #464646;\">\u201cNossa luta \u00e9 com o Congresso, para derrubar esse projeto j\u00e1 votado pela maioria dos deputados e que vai seguir para a aprecia\u00e7\u00e3o do Senado. Temos de parar essa trag\u00e9dia\u201d, lembra Vagner.<\/span><br style=\"color: #464646;\" \/><br style=\"color: #464646;\" \/><span style=\"color: #464646;\">Os movimentos sociais tamb\u00e9m est\u00e3o com os sindicatos nesta luta e v\u00e3o realizar atos e protestos em conjunto.<\/span><br style=\"color: #464646;\" \/><br style=\"color: #464646;\" \/><span style=\"color: #464646;\">Vagner destaca, por fim, que a CUT apresentou ao Congresso um projeto que valoriza e melhora as condi\u00e7\u00f5es de trabalho dos terceirizados, o PL 1621. \u201cMas o Congresso n\u00e3o quis votar\u201d, aponta.<\/span><br style=\"color: #464646;\" \/><br style=\"color: #464646;\" \/><br style=\"color: #464646;\" \/><span style=\"color: #464646;\">Fonte: Isa\u00edas Dalle \u2013 CUT<\/span><\/p>\n","protected":false},"excerpt":{"rendered":"<p>\u201cTodos os nossos sindicatos devem colocar as sua estruturas e sua capacidade de mobiliza\u00e7\u00e3o a servi\u00e7o das paralisa\u00e7\u00f5es da pr\u00f3xima quarta-feira, dia 15\u2033, afirmou em entrevista, na tarde desta segunda (13), o presidente nacional da CUT, Vagner Freitas.\u201cTodas as nossas entidades t\u00eam de convocar, realizar algum ato. \u00c9 nossa responsabilidade, porque estamos diante de um [&hellip;]<\/p>\n","protected":false},"author":1,"featured_media":739,"comment_status":"","ping_status":"","sticky":false,"template":"","format":"standard","meta":{"footnotes":""},"categories":[3],"tags":[],"class_list":["post-740","post","type-post","status-publish","format-standard","has-post-thumbnail","hentry","category-noticias"],"_links":{"self":[{"href":"https:\/\/hostnetart.com.br\/baixada\/wp-json\/wp\/v2\/posts\/740","targetHints":{"allow":["GET"]}}],"collection":[{"href":"https:\/\/hostnetart.com.br\/baixada\/wp-json\/wp\/v2\/posts"}],"about":[{"href":"https:\/\/hostnetart.com.br\/baixada\/wp-json\/wp\/v2\/types\/post"}],"author":[{"embeddable":true,"href":"https:\/\/hostnetart.com.br\/baixada\/wp-json\/wp\/v2\/users\/1"}],"replies":[{"embeddable":true,"href":"https:\/\/hostnetart.com.br\/baixada\/wp-json\/wp\/v2\/comments?post=740"}],"version-history":[{"count":0,"href":"https:\/\/hostnetart.com.br\/baixada\/wp-json\/wp\/v2\/posts\/740\/revisions"}],"wp:featuredmedia":[{"embeddable":true,"href":"https:\/\/hostnetart.com.br\/baixada\/wp-json\/wp\/v2\/media\/739"}],"wp:attachment":[{"href":"https:\/\/hostnetart.com.br\/baixada\/wp-json\/wp\/v2\/media?parent=740"}],"wp:term":[{"taxonomy":"category","embeddable":true,"href":"https:\/\/hostnetart.com.br\/baixada\/wp-json\/wp\/v2\/categories?post=740"},{"taxonomy":"post_tag","embeddable":true,"href":"https:\/\/hostnetart.com.br\/baixada\/wp-json\/wp\/v2\/tags?post=740"}],"curies":[{"name":"wp","href":"https:\/\/api.w.org\/{rel}","templated":true}]}}