{"id":7398,"date":"2019-08-21T14:12:09","date_gmt":"2019-08-21T17:12:09","guid":{"rendered":"https:\/\/hostnetart.com.br\/baixada\/carol-proner-lava-jato-e-guerra-politica-e-economica-envergonha-o-direito-e-o-pais\/"},"modified":"2019-08-21T14:12:09","modified_gmt":"2019-08-21T17:12:09","slug":"carol-proner-lava-jato-e-guerra-politica-e-economica-envergonha-o-direito-e-o-pais","status":"publish","type":"post","link":"https:\/\/hostnetart.com.br\/baixada\/carol-proner-lava-jato-e-guerra-politica-e-economica-envergonha-o-direito-e-o-pais\/","title":{"rendered":"Carol Proner: Lava Jato \u00e9 guerra pol\u00edtica e econ\u00f4mica. Envergonha o direito e o pa\u00eds"},"content":{"rendered":"<p>Com senten\u00e7as questionadas judicialmente desde o in\u00edcio de sua carreira, o\u00a0<a href=\"https:\/\/www.redebrasilatual.com.br\/blogs\/blog-na-rede\/2019\/02\/20-fatos-sobre-os-atos-do-ex-juiz-sergio-moro-uma-cronologia\/\">ex-juiz S\u00e9rgio Moro<\/a>\u00a0se orgulha do perfil rigoroso, autorit\u00e1rio. A advogada Carol Proner, integrante da Associa\u00e7\u00e3o de Juristas pela Democracia, questiona. \u201cQuero saber: at\u00e9 onde vai esse conceito de n\u00e3o garantista? Isso significa n\u00e3o observar as garantias que est\u00e3o plasmadas no processo constitucional brasileiro?\u201d<\/p>\n<p>Para ela, a Opera\u00e7\u00e3o Lava Jato, conduzida por Moro \u00e9 uma vergonha \u201cpara o pa\u00eds, para o Direito, para o Judici\u00e1rio brasileiro. \u201cN\u00f3s, professores de Direito que temos compromisso com a democracia temos de voltar a defender aquilo que sempre ensinamos em sala de aula: o rigor democr\u00e1tico e a nossa Constitui\u00e7\u00e3o. \u201d<\/p>\n<p>Doutora em Direito Internacional, a advogada tem viajado o mundo para falar do processo que levou o ex-presidente Luiz In\u00e1cio Lula da Silva \u00e0 pris\u00e3o pol\u00edtica mais famosa e questionada da atualidade. Ela e outros colegas, como a tamb\u00e9m advogada Gisele Cittadino, lan\u00e7aram um\u00a0<a href=\"https:\/\/drive.google.com\/file\/d\/1T_TFknjaV5gVkgsGRg_bp0vlYQbmRfGO\/view\">livro no qual comentam<\/a>\u00a0a senten\u00e7a contra Lula.<\/p>\n<p>\u201cOs sistemas republicanos n\u00e3o entendem como um poder da Rep\u00fablica poderia ocupar o espa\u00e7o de gest\u00e3o pol\u00edtica\u201d, relata. \u201cMuito dif\u00edcil em 2017, em que setores do sistema de justi\u00e7a desvirtuaram suas fun\u00e7\u00f5es e produzem a manipula\u00e7\u00e3o do direito, uma guerra atrav\u00e9s do direito, para fins de natureza pol\u00edtica e econ\u00f4mica\u201d, lembrando a funda\u00e7\u00e3o de direito privado que a Lava Jato queria criar com dinheiro p\u00fablico.<\/p>\n<p>Carol Proner falou \u00e0\u00a0<strong>Rede Brasil Atual<\/strong>\u00a0minutos antes do ato que lan\u00e7ou a campanha\u00a0<a href=\"https:\/\/www.redebrasilatual.com.br\/destaques\/2019\/08\/juristas-moro-verdade-revolucionaria-nao-silenciada\/\">#MoroMente<\/a>, realizado na noite da segunda-feira (19), no Sal\u00e3o Nobre da Faculdade de Direito da Universidade de S\u00e3o Paulo, no Largo S\u00e3o Francisco.<\/p>\n<p>\u201cO combate a qualquer crime, mesmo os mais graves, n\u00e3o pode ser feito sem a observ\u00e2ncia da lei. Porque se n\u00e3o corre o risco da anula\u00e7\u00e3o de processos. O que reverte no seu contr\u00e1rio, na sua total inefic\u00e1cia\u201d, afirma,<\/p>\n<p>A advogada critica qualquer possibilidade de se trabalhar fora do rigor da lei. \u201cFora da lei \u00e9 trabalhar no direito de exce\u00e7\u00e3o e exce\u00e7\u00e3o significa um flerte muito forte com per\u00edodos fascistas da nossa hist\u00f3ria e de outros pa\u00edses do mundo. Isso \u00e9 muito perigoso, nossa sociedade est\u00e1 muito fragilizada.\u201d<\/p>\n<p>O processo conduzido por Moro durante a Opera\u00e7\u00e3o Lava Jato \u00e9 considerado por Carol Proner uma grande perda de oportunidade hist\u00f3ria de combater a corrup\u00e7\u00e3o no pa\u00eds, de forma legal. \u201cEstamos todos agora afetados por isso.\u201d<\/p>\n<p>E avisa que a\u00a0<a href=\"https:\/\/www.redebrasilatual.com.br\/destaques\/2019\/08\/moro-mente-alem-de-ser-pinoquio-e-um-fantoche-afirma-haddad\/\" target=\"_blank\" rel=\"noopener noreferrer\">campanha #MoroMente<\/a>\u00a0busca responsabiliza\u00e7\u00e3o dos que participaram dessa \u201cfarsa jur\u00eddica\u201d. \u201cSomos a favor do combate \u00e0 corrup\u00e7\u00e3o de acordo com conven\u00e7\u00f5es internacionais que s\u00e3o muito preocupadas, por exemplo, com a investiga\u00e7\u00e3o de grandes empresas. Porque quem sofre com o desmonte s\u00e3o os funcion\u00e1rios, os empregos, \u00e9 a cadeia produtiva conectada com essas empresas. O que temos como resultado da Lava Jato \u00e9 uma cat\u00e1strofe do ponto de vista econ\u00f4mico.\u201d<\/p>\n<p><strong>Fonte: Rede Brasil Atual<\/strong><\/p>\n","protected":false},"excerpt":{"rendered":"<p>Com senten\u00e7as questionadas judicialmente desde o in\u00edcio de sua carreira, o\u00a0ex-juiz S\u00e9rgio Moro\u00a0se orgulha do perfil rigoroso, autorit\u00e1rio. A advogada Carol Proner, integrante da Associa\u00e7\u00e3o de Juristas pela Democracia, questiona. \u201cQuero saber: at\u00e9 onde vai esse conceito de n\u00e3o garantista? Isso significa n\u00e3o observar as garantias que est\u00e3o plasmadas no processo constitucional brasileiro?\u201d Para ela, [&hellip;]<\/p>\n","protected":false},"author":2,"featured_media":7397,"comment_status":"","ping_status":"","sticky":false,"template":"","format":"standard","meta":{"footnotes":""},"categories":[3],"tags":[],"class_list":["post-7398","post","type-post","status-publish","format-standard","has-post-thumbnail","hentry","category-noticias"],"_links":{"self":[{"href":"https:\/\/hostnetart.com.br\/baixada\/wp-json\/wp\/v2\/posts\/7398","targetHints":{"allow":["GET"]}}],"collection":[{"href":"https:\/\/hostnetart.com.br\/baixada\/wp-json\/wp\/v2\/posts"}],"about":[{"href":"https:\/\/hostnetart.com.br\/baixada\/wp-json\/wp\/v2\/types\/post"}],"author":[{"embeddable":true,"href":"https:\/\/hostnetart.com.br\/baixada\/wp-json\/wp\/v2\/users\/2"}],"replies":[{"embeddable":true,"href":"https:\/\/hostnetart.com.br\/baixada\/wp-json\/wp\/v2\/comments?post=7398"}],"version-history":[{"count":0,"href":"https:\/\/hostnetart.com.br\/baixada\/wp-json\/wp\/v2\/posts\/7398\/revisions"}],"wp:featuredmedia":[{"embeddable":true,"href":"https:\/\/hostnetart.com.br\/baixada\/wp-json\/wp\/v2\/media\/7397"}],"wp:attachment":[{"href":"https:\/\/hostnetart.com.br\/baixada\/wp-json\/wp\/v2\/media?parent=7398"}],"wp:term":[{"taxonomy":"category","embeddable":true,"href":"https:\/\/hostnetart.com.br\/baixada\/wp-json\/wp\/v2\/categories?post=7398"},{"taxonomy":"post_tag","embeddable":true,"href":"https:\/\/hostnetart.com.br\/baixada\/wp-json\/wp\/v2\/tags?post=7398"}],"curies":[{"name":"wp","href":"https:\/\/api.w.org\/{rel}","templated":true}]}}