{"id":7396,"date":"2019-08-21T14:09:53","date_gmt":"2019-08-21T17:09:53","guid":{"rendered":"https:\/\/hostnetart.com.br\/baixada\/fim-da-aposentadoria-especial-sera-duro-golpe-para-trabalhadores-em-atividades-de-risco\/"},"modified":"2019-08-21T14:09:53","modified_gmt":"2019-08-21T17:09:53","slug":"fim-da-aposentadoria-especial-sera-duro-golpe-para-trabalhadores-em-atividades-de-risco","status":"publish","type":"post","link":"https:\/\/hostnetart.com.br\/baixada\/fim-da-aposentadoria-especial-sera-duro-golpe-para-trabalhadores-em-atividades-de-risco\/","title":{"rendered":"Fim da aposentadoria especial ser\u00e1 duro golpe para trabalhadores em atividades de risco"},"content":{"rendered":"<p>A retirada da aposentadoria especial para quem corre riscos no trabalho foi duramente criticada em debate ontem (20), na Comiss\u00e3o de Direitos Humanos (CDH) do Senado, sobre a reforma da Previd\u00eancia. \u201cEu quero ver o lixeiro aos 58 anos de idade correndo atr\u00e1s do caminh\u00e3o de lixo, ou o eletricit\u00e1rio subindo em poste aos 64 anos de idade\u201d, disse a presidente do Instituto Brasileiro de Direito Previdenci\u00e1rio (IBDP), Adriane Bramante.<\/p>\n<p>Adriane explicou que o recebimento da aposentadoria especial por periculosidade (integridade f\u00edsica) j\u00e1 tem sido cada vez mais dif\u00edcil e muitas vezes o cidad\u00e3o s\u00f3 consegue ter seu direito reconhecido se acionar a Justi\u00e7a. Caso o Senado n\u00e3o mude o texto, essa modalidade de aposentadoria especial deixar\u00e1 de fato de existir. A Proposta de Emenda \u00e0 Constitui\u00e7\u00e3o (PEC 6\/2019), que institui a reforma, est\u00e1 em an\u00e1lise no Casa, depois de ter sido<a href=\"https:\/\/www.redebrasilatual.com.br\/politica\/2019\/08\/camara-aprova-texto-base-da-reforma-da-previdencia-em-segundo-turno\/\" target=\"_blank\" rel=\"noopener noreferrer\">\u00a0aprovada em dois turnos na C\u00e2mara<\/a>.<\/p>\n<p>O artigo 201 da Constitui\u00e7\u00e3o prev\u00ea dois tipos de aposentadoria especial: aquela destinada a quem tem trabalho prejudicial \u00e0 sa\u00fade \u2014 como as pessoas expostas a doen\u00e7as em hospitais ou a elementos t\u00f3xicos como o benzeno \u2014 e a destinada aos que t\u00eam sua integridade f\u00edsica amea\u00e7ada, como vigilantes e eletricit\u00e1rios, porque correm riscos no exerc\u00edcio di\u00e1rio do of\u00edcio.<\/p>\n<p>Atualmente, a aposentadoria especial n\u00e3o tem idade m\u00ednima: exige-se apenas tempo de contribui\u00e7\u00e3o de 15, 20 ou 25 anos, dependendo da carreira. Com a reforma, passa a existir idade m\u00ednima para aqueles cujo trabalho \u00e9 prejudicial \u00e0 sa\u00fade (insalubridade) e acaba a aposentadoria especial dos que t\u00eam a integridade f\u00edsica amea\u00e7ada. A PEC representa a primeira vez que o quesito idade \u00e9 somado ao tempo de contribui\u00e7\u00e3o para a aposentadoria especial por insalubridade.<\/p>\n<p>Adriane tamb\u00e9m reclamou que o texto n\u00e3o est\u00e1 levando em conta aqueles que hoje j\u00e1 est\u00e3o com direito adquirido, ou prestes a completar o tempo m\u00ednimo de contribui\u00e7\u00e3o. \u201cSe n\u00e3o vai ter mais aposentadoria por periculosidade, tudo bem. Mas podem apagar o texto constitucional sobre a integridade f\u00edsica daqui para tr\u00e1s?\u201d, questionou.<\/p>\n<p>Duas carreiras da Justi\u00e7a tamb\u00e9m sofrer\u00e3o impacto direto do fim da aposentadoria especial na reforma da Previd\u00eancia: oficiais de Justi\u00e7a e agentes de seguran\u00e7a dos tribunais e de ju\u00edzes. O representante da Federa\u00e7\u00e3o Nacional dos Trabalhadores do Judici\u00e1rio Federal e MPU (Fenajufe), Fabiano dos Santos, comentou na audi\u00eancia os riscos enfrentados por ambos e defendeu a manuten\u00e7\u00e3o da\u00a0<a href=\"https:\/\/www.redebrasilatual.com.br\/trabalho\/2019\/06\/fim-da-aposentadoria-especial-consequencias\/\" target=\"_blank\" rel=\"noopener noreferrer\">aposentadoria especial<\/a>\u00a0para eles.<\/p>\n<h4>Apresenta\u00e7\u00e3o de provas<b><br \/><\/b><\/h4>\n<p>Em 1960 foi criada a aposentadoria especial para aqueles que tinham trabalho insalubre. O objetivo era tirar o trabalhador do ambiente nocivo antes que ele tivesse, efetivamente, um dano irrepar\u00e1vel a sua sa\u00fade. A PEC 6\/2019 mant\u00e9m a aposentadoria para quem tem exposi\u00e7\u00e3o a agentes nocivos qu\u00edmicos, f\u00edsicos e biol\u00f3gicos, mas a partir dessa reforma, o benefici\u00e1rio precisa provar que efetivamente e pessoalmente teve contato frequente com esses elementos \u2014 ou seja, apenas ser enquadrado numa categoria funcional n\u00e3o \u00e9 o suficiente.<\/p>\n<p>Um exemplo: voc\u00ea n\u00e3o se aposenta por ser t\u00e9cnico em radiologia. \u00c9 preciso provar que voc\u00ea passava horas por dia fazendo exames numa m\u00e1quina de resson\u00e2ncia magn\u00e9tica.<\/p>\n<p>O escalonamento da idade m\u00ednima funcionar\u00e1 assim: no m\u00ednimo 55 anos de idade para quem tem aposentadoria especial, com tempo de contribui\u00e7\u00e3o de 15 anos (como os mineiros que trabalham no subsolo); 58 anos para quem precisa contribuir por 20 anos (como os mineiros que trabalham do lado de fora da mina); ou 60 anos para quem precisa contribuir por 25 anos, como alguns profissionais da \u00e1rea de sa\u00fade.<\/p>\n<p>Embora a PEC 6\/2019 diferencie a idade de aposentadoria para homens e mulheres ao longo de todo o texto, isso n\u00e3o acontece na aposentadoria especial por\u00a0<a href=\"https:\/\/www.redebrasilatual.com.br\/saude-e-ciencia\/2018\/03\/esgoto-hormonios-metais-pesados-e-agrotoxicos-estao-em-amostras-de-agua-que-chega-as-torneiras\/\" target=\"_blank\" rel=\"noopener noreferrer\">contato com agentes nocivos<\/a>.<\/p>\n<p>Quem representou os profissionais da sa\u00fade na audi\u00eancia foi o vice-presidente da Confedera\u00e7\u00e3o Nacional dos Trabalhadores na Sa\u00fade, Jo\u00e3o Rodrigues Filho. Ele demonstrou des\u00e2nimo sobre o futuro dos trabalhadores da sa\u00fade caso a reforma seja aprovada da forma como veio da C\u00e2mara. \u201cA maioria das pessoas que trabalha com raio X eventualmente desenvolve c\u00e2ncer e n\u00e3o chega a ser aposentado por muito tempo\u201d, comentou.<\/p>\n<p>Em nome dos professores, que hoje recebem aposentadoria especial ap\u00f3s 25 anos de contribui\u00e7\u00e3o, a professora Selene Michielin tamb\u00e9m se queixou da reforma, por colocar idade m\u00ednima de 57 anos para mulheres e 62 anos para homens a partir de 2020.<\/p>\n<p>Representante da Confedera\u00e7\u00e3o Nacional dos Trabalhadores em Educa\u00e7\u00e3o (CNTE), ela demonstrou preocupa\u00e7\u00e3o com as regras que aproximam os professores da aposentadoria comum. De acordo com a professora, o aumento dos anos de trabalho somado aos baixos sal\u00e1rios e \u00e0 falta de incentivo para a carreira, podem aumentar o desinteresse pela carreira da educa\u00e7\u00e3o. \u201cA profiss\u00e3o est\u00e1 em extin\u00e7\u00e3o, os cursos de licenciatura est\u00e3o vazios. Os professores ganham pouco, trabalham muito e n\u00e3o se aposentar\u00e3o mais com tempo especial\u201d.<\/p>\n<p>\u00a0<\/p>\n<p><strong>Fonte: Rede Brasil Atual com informa\u00e7\u00f5es da Ag\u00eancia Senado.<\/strong><\/p>\n","protected":false},"excerpt":{"rendered":"<p>A retirada da aposentadoria especial para quem corre riscos no trabalho foi duramente criticada em debate ontem (20), na Comiss\u00e3o de Direitos Humanos (CDH) do Senado, sobre a reforma da Previd\u00eancia. \u201cEu quero ver o lixeiro aos 58 anos de idade correndo atr\u00e1s do caminh\u00e3o de lixo, ou o eletricit\u00e1rio subindo em poste aos 64 [&hellip;]<\/p>\n","protected":false},"author":2,"featured_media":7395,"comment_status":"","ping_status":"","sticky":false,"template":"","format":"standard","meta":{"footnotes":""},"categories":[3],"tags":[],"class_list":["post-7396","post","type-post","status-publish","format-standard","has-post-thumbnail","hentry","category-noticias"],"_links":{"self":[{"href":"https:\/\/hostnetart.com.br\/baixada\/wp-json\/wp\/v2\/posts\/7396","targetHints":{"allow":["GET"]}}],"collection":[{"href":"https:\/\/hostnetart.com.br\/baixada\/wp-json\/wp\/v2\/posts"}],"about":[{"href":"https:\/\/hostnetart.com.br\/baixada\/wp-json\/wp\/v2\/types\/post"}],"author":[{"embeddable":true,"href":"https:\/\/hostnetart.com.br\/baixada\/wp-json\/wp\/v2\/users\/2"}],"replies":[{"embeddable":true,"href":"https:\/\/hostnetart.com.br\/baixada\/wp-json\/wp\/v2\/comments?post=7396"}],"version-history":[{"count":0,"href":"https:\/\/hostnetart.com.br\/baixada\/wp-json\/wp\/v2\/posts\/7396\/revisions"}],"wp:featuredmedia":[{"embeddable":true,"href":"https:\/\/hostnetart.com.br\/baixada\/wp-json\/wp\/v2\/media\/7395"}],"wp:attachment":[{"href":"https:\/\/hostnetart.com.br\/baixada\/wp-json\/wp\/v2\/media?parent=7396"}],"wp:term":[{"taxonomy":"category","embeddable":true,"href":"https:\/\/hostnetart.com.br\/baixada\/wp-json\/wp\/v2\/categories?post=7396"},{"taxonomy":"post_tag","embeddable":true,"href":"https:\/\/hostnetart.com.br\/baixada\/wp-json\/wp\/v2\/tags?post=7396"}],"curies":[{"name":"wp","href":"https:\/\/api.w.org\/{rel}","templated":true}]}}