{"id":7394,"date":"2019-08-21T14:07:27","date_gmt":"2019-08-21T17:07:27","guid":{"rendered":"https:\/\/hostnetart.com.br\/baixada\/bancarios-conquistam-renovacao-dos-acordos-aditivos-com-o-bradesco\/"},"modified":"2019-08-21T14:07:27","modified_gmt":"2019-08-21T17:07:27","slug":"bancarios-conquistam-renovacao-dos-acordos-aditivos-com-o-bradesco","status":"publish","type":"post","link":"https:\/\/hostnetart.com.br\/baixada\/bancarios-conquistam-renovacao-dos-acordos-aditivos-com-o-bradesco\/","title":{"rendered":"Banc\u00e1rios conquistam renova\u00e7\u00e3o dos acordos aditivos com o Bradesco"},"content":{"rendered":"<p>A Comiss\u00e3o de Organiza\u00e7\u00e3o dos Empregados (COE) do Bradesco conquistaram, nesta ter\u00e7a-feira (20), a renova\u00e7\u00e3o dos acordos coletivos aditivos \u00e0 Conven\u00e7\u00e3o Coletiva de Trabalho (CCT), relacionados a direitos espec\u00edficos conquistados pelos trabalhadores. Os aditivos dizem respeito ao Telebanco, Bradesco Financiamentos, Cipa Treinet e Ponto Eletr\u00f4nico.<\/p>\n<p>\u201cReconhe\u00e7o a import\u00e2ncia da renova\u00e7\u00e3o dos acordos aditivos, por\u00e9m solicitamos o retorno da discuss\u00e3o sobre a minuta espec\u00edfica, que foi aprovada no encontro nacional dos funcion\u00e1rios do Bradesco, em 2018\u201d, apontou Magaly Fagundes, coordenadora do COE Bradesco. O m\u00cas indicativo desta reuni\u00e3o ficou para outubro.<\/p>\n<h3>PDE<\/h3>\n<p>Outra assunto debatido na reuni\u00e3o foi a amplia\u00e7\u00e3o do Pr\u00eamio de Desempenho Extraordin\u00e1rio (PDE) para todos os funcion\u00e1rios. O banco fez alguns esclarecimentos e informou que, ap\u00f3s a publica\u00e7\u00e3o do regulamento, mant\u00e9m n\u00e3o extensivo a departamento, caixas, escritur\u00e1rios e gerentes regionais.<\/p>\n<p>A dire\u00e7\u00e3o do banco disse ainda que o trabalho remoto est\u00e1 em fase de teste e garantiu que se for implementar, chamar\u00e1 o coletivo para negociar.<\/p>\n<p>Os representantes dos trabalhadores cobraram ainda explica\u00e7\u00f5es sobre os v\u00eddeos que t\u00eam circulado pela internet e causaram constrangimento aos funcion\u00e1rios. O banco disse que era uma campanha, mas que j\u00e1 foi suspensa.<\/p>\n<p><strong>Fonte: Contraf-CUT<\/strong><\/p>\n","protected":false},"excerpt":{"rendered":"<p>A Comiss\u00e3o de Organiza\u00e7\u00e3o dos Empregados (COE) do Bradesco conquistaram, nesta ter\u00e7a-feira (20), a renova\u00e7\u00e3o dos acordos coletivos aditivos \u00e0 Conven\u00e7\u00e3o Coletiva de Trabalho (CCT), relacionados a direitos espec\u00edficos conquistados pelos trabalhadores. Os aditivos dizem respeito ao Telebanco, Bradesco Financiamentos, Cipa Treinet e Ponto Eletr\u00f4nico. \u201cReconhe\u00e7o a import\u00e2ncia da renova\u00e7\u00e3o dos acordos aditivos, por\u00e9m solicitamos [&hellip;]<\/p>\n","protected":false},"author":2,"featured_media":7393,"comment_status":"","ping_status":"","sticky":false,"template":"","format":"standard","meta":{"footnotes":""},"categories":[3],"tags":[],"class_list":["post-7394","post","type-post","status-publish","format-standard","has-post-thumbnail","hentry","category-noticias"],"_links":{"self":[{"href":"https:\/\/hostnetart.com.br\/baixada\/wp-json\/wp\/v2\/posts\/7394","targetHints":{"allow":["GET"]}}],"collection":[{"href":"https:\/\/hostnetart.com.br\/baixada\/wp-json\/wp\/v2\/posts"}],"about":[{"href":"https:\/\/hostnetart.com.br\/baixada\/wp-json\/wp\/v2\/types\/post"}],"author":[{"embeddable":true,"href":"https:\/\/hostnetart.com.br\/baixada\/wp-json\/wp\/v2\/users\/2"}],"replies":[{"embeddable":true,"href":"https:\/\/hostnetart.com.br\/baixada\/wp-json\/wp\/v2\/comments?post=7394"}],"version-history":[{"count":0,"href":"https:\/\/hostnetart.com.br\/baixada\/wp-json\/wp\/v2\/posts\/7394\/revisions"}],"wp:featuredmedia":[{"embeddable":true,"href":"https:\/\/hostnetart.com.br\/baixada\/wp-json\/wp\/v2\/media\/7393"}],"wp:attachment":[{"href":"https:\/\/hostnetart.com.br\/baixada\/wp-json\/wp\/v2\/media?parent=7394"}],"wp:term":[{"taxonomy":"category","embeddable":true,"href":"https:\/\/hostnetart.com.br\/baixada\/wp-json\/wp\/v2\/categories?post=7394"},{"taxonomy":"post_tag","embeddable":true,"href":"https:\/\/hostnetart.com.br\/baixada\/wp-json\/wp\/v2\/tags?post=7394"}],"curies":[{"name":"wp","href":"https:\/\/api.w.org\/{rel}","templated":true}]}}