{"id":7392,"date":"2019-08-20T14:30:45","date_gmt":"2019-08-20T17:30:45","guid":{"rendered":"https:\/\/hostnetart.com.br\/baixada\/contraf-cut-cobra-contratacoes-ja-na-caixa\/"},"modified":"2019-08-20T14:30:45","modified_gmt":"2019-08-20T17:30:45","slug":"contraf-cut-cobra-contratacoes-ja-na-caixa","status":"publish","type":"post","link":"https:\/\/hostnetart.com.br\/baixada\/contraf-cut-cobra-contratacoes-ja-na-caixa\/","title":{"rendered":"Contraf-CUT cobra \u201cContrata\u00e7\u00f5es J\u00e1\u201d na Caixa"},"content":{"rendered":"<p>A mesa permanente de negocia\u00e7\u00e3o da Caixa volta a se reunir, na pr\u00f3xima ter\u00e7a-feira (27), em Bras\u00edlia, para tratar alguns temas fundamentais para os empregados, que foram levantados durante o\u00a0<a href=\"https:\/\/contrafcut.com.br\/noticias\/unidade-e-resistencia-pautam-estrategias-dos-empregados-da-caixa\/\" target=\"_blank\" rel=\"noopener noreferrer\">35\u00ba Congresso Nacional dos Empregados da Caixa (Conecef)<\/a>, realizado no in\u00edcio de agosto, em S\u00e3o Paulo.<\/p>\n<p>Na ocasi\u00e3o, os representantes levar\u00e3o para o debate os<a href=\"https:\/\/www.fenae.org.br\/portal\/fenae-portal\/noticias\/empregados-cobram-contratacoes-da-caixa.htm\" target=\"_blank\" rel=\"noopener noreferrer\">\u00a0temas que mais urgentes para os empregados do pa\u00eds<\/a>\u00a0como, por exemplo, Contrata\u00e7\u00e3o imediata de mais empregados, fim dos descomissionamento arbitr\u00e1rios, Sa\u00fade Caixa para Todos, defesa da Caixa 100% P\u00fablica, do FGTS, as novas formas de trabalho que constam no RH 226, entre outros.<\/p>\n<p>\u201cA defesa do Sa\u00fade Caixa para Todos \u00e9 uma das prioridades, uma vez que o banco tem discriminado PCDs contratados, avisando-os que n\u00e3o ter\u00e3o o plano. Na campanha dos banc\u00e1rios de 2018, ap\u00f3s longa e dura negocia\u00e7\u00e3o, garantimos o Sa\u00fade Caixa para empregados da ativa e aposentados. Arrancamos ainda na reda\u00e7\u00e3o do acordo a garantia de uma assist\u00eancia \u00e0 sa\u00fade para os novos contratados e isso a dire\u00e7\u00e3o do banco n\u00e3o est\u00e1 garantindo. Pela sustentabilidade do Sa\u00fade Caixa e por uma quest\u00e3o at\u00e9 humanit\u00e1ria e de respeito ao acordo queremos que os PCDs contratados e toso os novos sejam inclu\u00eddos no plano\u201d, destaca o diretor do Sindicato e coordenador da CEE\/Caixa, Dion\u00edsio Reis.<\/p>\n<p>\u201cOutra quest\u00e3o urgente \u00e9 a opera\u00e7\u00e3o para os saques do FGTS. Qual ser\u00e1 a estrutura? O pagamento, incluindo horas-extras? O trabalho aos s\u00e1bados e domingos? A Caixa tem de esclarecer diversos pontos e contratar mais empregados, al\u00e9m dos PCDs j\u00e1 anunciados\u201d, acrescenta.<\/p>\n<p>A retirada imediata do GDP do MO21182 como motivo de descomissionamento tamb\u00e9m est\u00e1 na pauta.<\/p>\n<p><strong>Fonte: Contraf-CUT<\/strong><\/p>\n","protected":false},"excerpt":{"rendered":"<p>A mesa permanente de negocia\u00e7\u00e3o da Caixa volta a se reunir, na pr\u00f3xima ter\u00e7a-feira (27), em Bras\u00edlia, para tratar alguns temas fundamentais para os empregados, que foram levantados durante o\u00a035\u00ba Congresso Nacional dos Empregados da Caixa (Conecef), realizado no in\u00edcio de agosto, em S\u00e3o Paulo. Na ocasi\u00e3o, os representantes levar\u00e3o para o debate os\u00a0temas que [&hellip;]<\/p>\n","protected":false},"author":2,"featured_media":7391,"comment_status":"","ping_status":"","sticky":false,"template":"","format":"standard","meta":{"footnotes":""},"categories":[3],"tags":[],"class_list":["post-7392","post","type-post","status-publish","format-standard","has-post-thumbnail","hentry","category-noticias"],"_links":{"self":[{"href":"https:\/\/hostnetart.com.br\/baixada\/wp-json\/wp\/v2\/posts\/7392","targetHints":{"allow":["GET"]}}],"collection":[{"href":"https:\/\/hostnetart.com.br\/baixada\/wp-json\/wp\/v2\/posts"}],"about":[{"href":"https:\/\/hostnetart.com.br\/baixada\/wp-json\/wp\/v2\/types\/post"}],"author":[{"embeddable":true,"href":"https:\/\/hostnetart.com.br\/baixada\/wp-json\/wp\/v2\/users\/2"}],"replies":[{"embeddable":true,"href":"https:\/\/hostnetart.com.br\/baixada\/wp-json\/wp\/v2\/comments?post=7392"}],"version-history":[{"count":0,"href":"https:\/\/hostnetart.com.br\/baixada\/wp-json\/wp\/v2\/posts\/7392\/revisions"}],"wp:featuredmedia":[{"embeddable":true,"href":"https:\/\/hostnetart.com.br\/baixada\/wp-json\/wp\/v2\/media\/7391"}],"wp:attachment":[{"href":"https:\/\/hostnetart.com.br\/baixada\/wp-json\/wp\/v2\/media?parent=7392"}],"wp:term":[{"taxonomy":"category","embeddable":true,"href":"https:\/\/hostnetart.com.br\/baixada\/wp-json\/wp\/v2\/categories?post=7392"},{"taxonomy":"post_tag","embeddable":true,"href":"https:\/\/hostnetart.com.br\/baixada\/wp-json\/wp\/v2\/tags?post=7392"}],"curies":[{"name":"wp","href":"https:\/\/api.w.org\/{rel}","templated":true}]}}