{"id":7388,"date":"2019-08-20T14:17:31","date_gmt":"2019-08-20T17:17:31","guid":{"rendered":"https:\/\/hostnetart.com.br\/baixada\/coe-bradesco-se-reune-com-o-banco-nesta-terca-feira-20\/"},"modified":"2019-08-20T14:17:31","modified_gmt":"2019-08-20T17:17:31","slug":"coe-bradesco-se-reune-com-o-banco-nesta-terca-feira-20","status":"publish","type":"post","link":"https:\/\/hostnetart.com.br\/baixada\/coe-bradesco-se-reune-com-o-banco-nesta-terca-feira-20\/","title":{"rendered":"COE Bradesco se re\u00fane com o banco nesta ter\u00e7a-feira (20)"},"content":{"rendered":"<p>A Comiss\u00e3o de Organiza\u00e7\u00e3o dos Empregados (COE) do Bradesco se re\u00fane com a dire\u00e7\u00e3o do banco, nesta ter\u00e7a-feira (20), para tratar de uma pauta de reivindica\u00e7\u00f5es espec\u00edficas. Nesta segunda-feira (19), os membros da COE se reuniram na sede da Confedera\u00e7\u00e3o Nacional dos Trabalhadores do Ramo Financeiro (Contraf-CUT), em S\u00e3o Paulo, para definir a estrat\u00e9gica de negocia\u00e7\u00e3o.<\/p>\n<p>Entre os principais pontos da pauta est\u00e1 o retorno sobre os<a href=\"https:\/\/contrafcut.com.br\/noticias\/bancarios-de-sc-reivindicam-melhorias-no-atendimento-dos-planos-de-saude-e-dental-do-bradesco\/\" target=\"_blank\" rel=\"noopener noreferrer\">\u00a0planos de sa\u00fade e dental<\/a>. A dire\u00e7\u00e3o do banco realizou reuni\u00f5es com as federa\u00e7\u00f5es por todos o Brasil. \u201cEles precisam nos posicionar sobre nossa reivindica\u00e7\u00e3o de aumentar a lista de credenciados, principalmente no interior do pa\u00eds, e de melhorar os canais de informa\u00e7\u00f5es\u201d, explicou Magaly Fagundes, coordenadora da COE.<\/p>\n<p>A renova\u00e7\u00e3o dos acordos aditivos, que vencem em setembro, e a amplia\u00e7\u00e3o do Pr\u00eamio por Desempenho Extraordin\u00e1rios (PDE) para todos os funcion\u00e1rios tamb\u00e9m est\u00e3o na pauta.<\/p>\n<p>A negocia\u00e7\u00e3o tamb\u00e9m abordar\u00e1 dois temas que envolvem vit\u00f3rias de sindicatos em a\u00e7\u00f5es na Justi\u00e7a: O\u00a0<a href=\"https:\/\/contrafcut.com.br\/noticias\/bradesco-e-condenado-a-pagar-diferenca-de-plr-para-incorporados-do-hsbc-0adb\/\" target=\"_blank\" rel=\"noopener noreferrer\">pagamento da Participa\u00e7\u00e3o dos Lucros e Resultados (PLR) do HSBC<\/a>, que foi pago proporcionalmente e os sindicatos buscam pagamento integral para todos e a cobran\u00e7a retroativa do vale-transporte, que at\u00e9 1 de abril era descontado de forma errada pelo banco. \u201cN\u00f3s queremos buscar um acordo, para que todos os pagamentos n\u00e3o precisem ser feitos pela Justi\u00e7a\u201d, finalizou Magaly.<\/p>\n<p><strong>Fonte: Contraf-CUT<\/strong><\/p>\n","protected":false},"excerpt":{"rendered":"<p>A Comiss\u00e3o de Organiza\u00e7\u00e3o dos Empregados (COE) do Bradesco se re\u00fane com a dire\u00e7\u00e3o do banco, nesta ter\u00e7a-feira (20), para tratar de uma pauta de reivindica\u00e7\u00f5es espec\u00edficas. Nesta segunda-feira (19), os membros da COE se reuniram na sede da Confedera\u00e7\u00e3o Nacional dos Trabalhadores do Ramo Financeiro (Contraf-CUT), em S\u00e3o Paulo, para definir a estrat\u00e9gica de [&hellip;]<\/p>\n","protected":false},"author":2,"featured_media":7387,"comment_status":"","ping_status":"","sticky":false,"template":"","format":"standard","meta":{"footnotes":""},"categories":[3],"tags":[],"class_list":["post-7388","post","type-post","status-publish","format-standard","has-post-thumbnail","hentry","category-noticias"],"_links":{"self":[{"href":"https:\/\/hostnetart.com.br\/baixada\/wp-json\/wp\/v2\/posts\/7388","targetHints":{"allow":["GET"]}}],"collection":[{"href":"https:\/\/hostnetart.com.br\/baixada\/wp-json\/wp\/v2\/posts"}],"about":[{"href":"https:\/\/hostnetart.com.br\/baixada\/wp-json\/wp\/v2\/types\/post"}],"author":[{"embeddable":true,"href":"https:\/\/hostnetart.com.br\/baixada\/wp-json\/wp\/v2\/users\/2"}],"replies":[{"embeddable":true,"href":"https:\/\/hostnetart.com.br\/baixada\/wp-json\/wp\/v2\/comments?post=7388"}],"version-history":[{"count":0,"href":"https:\/\/hostnetart.com.br\/baixada\/wp-json\/wp\/v2\/posts\/7388\/revisions"}],"wp:featuredmedia":[{"embeddable":true,"href":"https:\/\/hostnetart.com.br\/baixada\/wp-json\/wp\/v2\/media\/7387"}],"wp:attachment":[{"href":"https:\/\/hostnetart.com.br\/baixada\/wp-json\/wp\/v2\/media?parent=7388"}],"wp:term":[{"taxonomy":"category","embeddable":true,"href":"https:\/\/hostnetart.com.br\/baixada\/wp-json\/wp\/v2\/categories?post=7388"},{"taxonomy":"post_tag","embeddable":true,"href":"https:\/\/hostnetart.com.br\/baixada\/wp-json\/wp\/v2\/tags?post=7388"}],"curies":[{"name":"wp","href":"https:\/\/api.w.org\/{rel}","templated":true}]}}