{"id":7386,"date":"2019-08-20T13:40:07","date_gmt":"2019-08-20T16:40:07","guid":{"rendered":"https:\/\/hostnetart.com.br\/baixada\/bb-funcionarios-se-mobilizam-contra-ataques-a-cassi\/"},"modified":"2019-08-20T13:40:07","modified_gmt":"2019-08-20T16:40:07","slug":"bb-funcionarios-se-mobilizam-contra-ataques-a-cassi","status":"publish","type":"post","link":"https:\/\/hostnetart.com.br\/baixada\/bb-funcionarios-se-mobilizam-contra-ataques-a-cassi\/","title":{"rendered":"BB: Funcion\u00e1rios se mobilizam contra ataques \u00e0 Cassi"},"content":{"rendered":"<p>Sindicatos dos banc\u00e1rios de todo o pa\u00eds realizam na quinta-feira (22) um \u201cDia Nacional de Luta em Defesa da Cassi\u201d em protesto contra diversas medidas implementadas pela dire\u00e7\u00e3o do Banco do Brasil que prejudicam os funcion\u00e1rios. A Cassi \u00e9 a caixa de assist\u00eancias dos funcion\u00e1rios do banco. A data foi definida no\u00a0<a href=\"https:\/\/contrafcut.com.br\/noticias\/plenaria-final-aprova-proposta-do-30o-cnfbb-olivan-faustino\/\" target=\"_blank\" rel=\"noopener noreferrer\">30\u00ba Congresso<\/a>\u00a0Nacional dos Funcion\u00e1rios do Banco do Brasil, realizado nos dias 1 e 2 de agosto, em S\u00e3o Paulo e faz parte de um calend\u00e1rio de lutas em defesa da Cassi e do Banco do Brasil como institui\u00e7\u00e3o p\u00fablica, capaz de promover o desenvolvimento do pa\u00eds.<\/p>\n<p>\u201cNa semana passada, a Cassi soltou uma\u00a0<a href=\"https:\/\/contrafcut.com.br\/nota-da-cassi\/\" target=\"_blank\" rel=\"noopener noreferrer\">nota<\/a>\u00a0defendendo a posi\u00e7\u00e3o do banco, que diz que vai disponibilizar apenas 4,5% dos sal\u00e1rios, ou benef\u00edcios dos associados para custear o plano de sa\u00fade. Essa \u00e9 uma postura que vai contra os pr\u00f3prios interesses da Cassi. Queremos que a Cassi se junte aos associados e cobrem do banco a reabertura das negocia\u00e7\u00f5es\u201d, defendeu o coordenador da Comiss\u00e3o de Empresa dos Funcion\u00e1rios do Banco do Brasil (CEBB), Jo\u00e3o Fukunaga.<\/p>\n<p>Para o coordenador da CEBB, a nota foi desmedida, causou apavoramento desnecess\u00e1rio em um momento que \u00e9 preciso serenidade e seriedade para se encontrar uma sa\u00edda para a situa\u00e7\u00e3o em que se encontra a Cassi. \u201cAfinal, ela \u00e9 boa para os associados, mas tamb\u00e9m \u00e9 boa para o banco\u201d, disse.<\/p>\n<p>Fukunaga defendeu ainda que o valor que o banco quer dispor n\u00e3o \u00e9 suficiente para que os associados arquem com o custo de um plano de sa\u00fade com a mesma qualidade e capilaridade da Cassi. \u201cO \u00f4nus vai recair sobre as costas dos trabalhadores\u201d, afirmou.<\/p>\n<h3><strong>Di\u00e1logo e negocia\u00e7\u00e3o<\/strong><\/h3>\n<p>No dia 22, dirigentes sindicais v\u00e3o dialogar com os funcion\u00e1rios, seus dependentes e com a popula\u00e7\u00e3o sobre o que est\u00e1 acontecendo com a Cassi. Tamb\u00e9m v\u00e3o recolher assinaturas em um abaixo-assinado em defesa da Cassi, contra as arbitrariedades da atual gest\u00e3o do banco e solicitando a reabertura das negocia\u00e7\u00f5es.<\/p>\n<p>Os formul\u00e1rios com as assinaturas ser\u00e3o entregues ao presidente da diretoria executiva e ao presidente do conselho deliberativo da Cassi e ressaltar\u00e3o a import\u00e2ncia da cobran\u00e7a de alternativas coletivas para a manuten\u00e7\u00e3o do plano de sa\u00fade dos funcion\u00e1rios e seus dependentes.<\/p>\n<h3><strong>Material de apoio<\/strong><\/h3>\n<p>A Contraf-CUT disponibilizou no seu site, na \u00e1rea restrita \u00e0s federa\u00e7\u00f5es e sindicatos filiados, materiais de apoio ao Dia Nacional de Luta em Defesa da Cassi. Os mesmos tamb\u00e9m foram enviados por e-mail.<\/p>\n<p>Uma edi\u00e7\u00e3o especial do boletim\u00a0<a href=\"https:\/\/contrafcut.com.br\/publicacoes\/o-espelho-dia-nacional-de-luta-em-defesa-da-cassi\/\" target=\"_blank\" rel=\"noopener noreferrer\">O Espelho<\/a>, o formul\u00e1rio do abaixo-assinado e a arte de um adesivo est\u00e3o entre os materiais a serem utilizados.<\/p>\n<p>\u201cOs funcion\u00e1rios precisam se unir e se mobilizar pela manuten\u00e7\u00e3o dos direitos em sa\u00fade. Precisam entender que eles s\u00e3o gestores da Cassi e se apoderar do sistema para enfrentarmos os ataques que buscam acabar com a Cassi e entregar a sa\u00fade dos funcion\u00e1rios aos sistemas privados de sa\u00fade. Sabemos o custo que um plano privado tem para os funcion\u00e1rios e dos limites que s\u00e3o impostos\u201d, concluiu Fukunaga.<\/p>\n<p><strong>Fonte:<\/strong>\u00a0<strong>Contraf-CUT<\/strong><\/p>\n","protected":false},"excerpt":{"rendered":"<p>Sindicatos dos banc\u00e1rios de todo o pa\u00eds realizam na quinta-feira (22) um \u201cDia Nacional de Luta em Defesa da Cassi\u201d em protesto contra diversas medidas implementadas pela dire\u00e7\u00e3o do Banco do Brasil que prejudicam os funcion\u00e1rios. A Cassi \u00e9 a caixa de assist\u00eancias dos funcion\u00e1rios do banco. A data foi definida no\u00a030\u00ba Congresso\u00a0Nacional dos Funcion\u00e1rios [&hellip;]<\/p>\n","protected":false},"author":2,"featured_media":7385,"comment_status":"","ping_status":"","sticky":false,"template":"","format":"standard","meta":{"footnotes":""},"categories":[3],"tags":[],"class_list":["post-7386","post","type-post","status-publish","format-standard","has-post-thumbnail","hentry","category-noticias"],"_links":{"self":[{"href":"https:\/\/hostnetart.com.br\/baixada\/wp-json\/wp\/v2\/posts\/7386","targetHints":{"allow":["GET"]}}],"collection":[{"href":"https:\/\/hostnetart.com.br\/baixada\/wp-json\/wp\/v2\/posts"}],"about":[{"href":"https:\/\/hostnetart.com.br\/baixada\/wp-json\/wp\/v2\/types\/post"}],"author":[{"embeddable":true,"href":"https:\/\/hostnetart.com.br\/baixada\/wp-json\/wp\/v2\/users\/2"}],"replies":[{"embeddable":true,"href":"https:\/\/hostnetart.com.br\/baixada\/wp-json\/wp\/v2\/comments?post=7386"}],"version-history":[{"count":0,"href":"https:\/\/hostnetart.com.br\/baixada\/wp-json\/wp\/v2\/posts\/7386\/revisions"}],"wp:featuredmedia":[{"embeddable":true,"href":"https:\/\/hostnetart.com.br\/baixada\/wp-json\/wp\/v2\/media\/7385"}],"wp:attachment":[{"href":"https:\/\/hostnetart.com.br\/baixada\/wp-json\/wp\/v2\/media?parent=7386"}],"wp:term":[{"taxonomy":"category","embeddable":true,"href":"https:\/\/hostnetart.com.br\/baixada\/wp-json\/wp\/v2\/categories?post=7386"},{"taxonomy":"post_tag","embeddable":true,"href":"https:\/\/hostnetart.com.br\/baixada\/wp-json\/wp\/v2\/tags?post=7386"}],"curies":[{"name":"wp","href":"https:\/\/api.w.org\/{rel}","templated":true}]}}