{"id":7382,"date":"2019-08-19T16:00:32","date_gmt":"2019-08-19T19:00:32","guid":{"rendered":"https:\/\/hostnetart.com.br\/baixada\/brasil-pos-golpe-ve-renda-dos-mais-ricos-subir-e-dos-mais-pobres-despencar\/"},"modified":"2019-08-19T16:00:32","modified_gmt":"2019-08-19T19:00:32","slug":"brasil-pos-golpe-ve-renda-dos-mais-ricos-subir-e-dos-mais-pobres-despencar","status":"publish","type":"post","link":"https:\/\/hostnetart.com.br\/baixada\/brasil-pos-golpe-ve-renda-dos-mais-ricos-subir-e-dos-mais-pobres-despencar\/","title":{"rendered":"Brasil p\u00f3s-golpe v\u00ea renda dos mais ricos subir e dos mais pobres despencar"},"content":{"rendered":"<p>A\u00a0desigualdade de renda no Brasil aumentou nos \u00faltimos 17 trimestres \u2013 51 meses \u2013 consecutivos e deu in\u00edcio ao maior per\u00edodo j\u00e1 documentado no pa\u00eds, de acordo com o estudo do economista Marcelo Neri, da Funda\u00e7\u00e3o Getulio Vargas (FGV). Na avalia\u00e7\u00e3o do diretor t\u00e9cnico do Dieese, Clemente Ganz L\u00facio, essa alta \u00e9 resultado da pol\u00edtica econ\u00f4mica do governo, desde o impeachment de Dilma Rousseff.<\/p>\n<p>\u201cO pa\u00eds <a href=\"https:\/\/www.redebrasilatual.com.br\/destaques\/2019\/08\/reforma-previdencia-aumenta-desigualdade\/\" target=\"_blank\" rel=\"noopener noreferrer\">voltou a ter pol\u00edticas econ\u00f4micas que aumentam a desigualdade<\/a>, principalmente por conta do desemprego e uma situa\u00e7\u00e3o prec\u00e1ria do mercado de trabalho. Tudo isso converge nesse resultado\u201d,\u00a0 explica Clemente, \u00e0\u00a0<strong>R\u00e1dio Brasil Atual<\/strong>, ao relacionar a eleva\u00e7\u00e3o da pobreza com o aumento do desemprego.<\/p>\n<p>Segundo o estudo, nem mesmo em 1989, que constitui o nosso pico hist\u00f3rico de desigualdade brasileira, houve um movimento de concentra\u00e7\u00e3o de renda por tantos per\u00edodos consecutivos. Durante os \u00faltimos17 trimestres \u2013 desde o in\u00edcio de 2015, quando os derrotados nas elei\u00e7\u00f5es de 2014 <a href=\"https:\/\/www.redebrasilatual.com.br\/destaques\/2019\/08\/pochmann-razoes-gfratura-social-nacao\/\" target=\"_blank\" rel=\"noopener noreferrer\">come\u00e7aram a passar por cima do resultado das urnas<\/a> \u2013, a renda da metade mais pobre da popula\u00e7\u00e3o caiu cerca de 18%, somente o 1% mais rico teve quase 10% de aumento no poder de compra, conforme mostra essa reportagem da\u00a0<a href=\"https:\/\/www.cartacapital.com.br\/sociedade\/desigualdade-bate-recorde-no-brasil-mostra-estudo-da-fgv\/\" target=\"_blank\" rel=\"noopener noreferrer\"><strong><em>CartaCapital<\/em><\/strong>, tamb\u00e9m sobre o estudo da FGV<\/a>.<\/p>\n<p>\u201cEsse crescimento tamb\u00e9m elevou a pobreza, t\u00ednhamos 8,4% da popula\u00e7\u00e3o vivendo em estado de pobreza, agora s\u00e3o 11,2%. Temos 23 milh\u00f5es de pessoas vivendo em situa\u00e7\u00e3o de pobreza. Nesses quatro anos, perdemos o que constru\u00edmos e ganhamos durante uma d\u00e9cada, quando o Brasil foi considerado um exemplo de pa\u00eds na redu\u00e7\u00e3o de pobreza, mas interrompido com o impeachment da presidenta Dilma Rousseff\u201d, afirmou o diretor t\u00e9cnico do Dieese.<\/p>\n<p><strong>Fonte: Rede Brasil Atual<\/strong><\/p>\n","protected":false},"excerpt":{"rendered":"<p>A\u00a0desigualdade de renda no Brasil aumentou nos \u00faltimos 17 trimestres \u2013 51 meses \u2013 consecutivos e deu in\u00edcio ao maior per\u00edodo j\u00e1 documentado no pa\u00eds, de acordo com o estudo do economista Marcelo Neri, da Funda\u00e7\u00e3o Getulio Vargas (FGV). Na avalia\u00e7\u00e3o do diretor t\u00e9cnico do Dieese, Clemente Ganz L\u00facio, essa alta \u00e9 resultado da pol\u00edtica [&hellip;]<\/p>\n","protected":false},"author":2,"featured_media":7381,"comment_status":"","ping_status":"","sticky":false,"template":"","format":"standard","meta":{"footnotes":""},"categories":[3],"tags":[],"class_list":["post-7382","post","type-post","status-publish","format-standard","has-post-thumbnail","hentry","category-noticias"],"_links":{"self":[{"href":"https:\/\/hostnetart.com.br\/baixada\/wp-json\/wp\/v2\/posts\/7382","targetHints":{"allow":["GET"]}}],"collection":[{"href":"https:\/\/hostnetart.com.br\/baixada\/wp-json\/wp\/v2\/posts"}],"about":[{"href":"https:\/\/hostnetart.com.br\/baixada\/wp-json\/wp\/v2\/types\/post"}],"author":[{"embeddable":true,"href":"https:\/\/hostnetart.com.br\/baixada\/wp-json\/wp\/v2\/users\/2"}],"replies":[{"embeddable":true,"href":"https:\/\/hostnetart.com.br\/baixada\/wp-json\/wp\/v2\/comments?post=7382"}],"version-history":[{"count":0,"href":"https:\/\/hostnetart.com.br\/baixada\/wp-json\/wp\/v2\/posts\/7382\/revisions"}],"wp:featuredmedia":[{"embeddable":true,"href":"https:\/\/hostnetart.com.br\/baixada\/wp-json\/wp\/v2\/media\/7381"}],"wp:attachment":[{"href":"https:\/\/hostnetart.com.br\/baixada\/wp-json\/wp\/v2\/media?parent=7382"}],"wp:term":[{"taxonomy":"category","embeddable":true,"href":"https:\/\/hostnetart.com.br\/baixada\/wp-json\/wp\/v2\/categories?post=7382"},{"taxonomy":"post_tag","embeddable":true,"href":"https:\/\/hostnetart.com.br\/baixada\/wp-json\/wp\/v2\/tags?post=7382"}],"curies":[{"name":"wp","href":"https:\/\/api.w.org\/{rel}","templated":true}]}}