{"id":738,"date":"2015-04-16T19:19:00","date_gmt":"2015-04-16T22:19:00","guid":{"rendered":"https:\/\/hostnetart.com.br\/baixada\/abriram-as-porteiras-pra-superexploracao-dos-trabalhadores-diz-vicentinho\/"},"modified":"2015-04-16T19:19:00","modified_gmt":"2015-04-16T22:19:00","slug":"abriram-as-porteiras-pra-superexploracao-dos-trabalhadores-diz-vicentinho","status":"publish","type":"post","link":"https:\/\/hostnetart.com.br\/baixada\/abriram-as-porteiras-pra-superexploracao-dos-trabalhadores-diz-vicentinho\/","title":{"rendered":"\u2018Abriram as porteiras pra superexplora\u00e7\u00e3o dos trabalhadores\u2019, diz Vicentinho"},"content":{"rendered":"<p><span style=\"color: #464646;\">Para o deputado federal Vicente Paulo da Silva, o Vicentinho (PT-SP), a aprova\u00e7\u00e3o pela C\u00e2mara dos Deputados, na \u00faltima quarta-feira (8), do texto-base do Projeto de Lei 4330\/2004, que amplia a terceiriza\u00e7\u00e3o, abre caminho para \u201cprecarizar, de vez, os direitos dos trabalhadores no Brasil\u201d.\u00a0<\/span><br style=\"color: #464646;\" \/><br style=\"color: #464646;\" \/><span style=\"color: #464646;\">Em entrevista a Thelma Torrecilha, da R\u00e1dio Brasil Atual, Vicentinho diz que \u201cinfelizmente o resultado era previs\u00edvel\u201d, dado o aumento do n\u00famero de deputados que defendem os interesses empresariais e a redu\u00e7\u00e3o da bancada dos deputados ligados aos trabalhadores.<\/span><br style=\"color: #464646;\" \/><br style=\"color: #464646;\" \/><span style=\"color: #464646;\">\u201c\u00c9ramos 87 deputados ligados diretamente aos interesses dos trabalhadores e, nesta elei\u00e7\u00e3o, ca\u00edmos para 47. Deputados negros eram em torno de 12% e agora s\u00e3o 4%. No lugar, entraram grandes fazendeiros e grandes empres\u00e1rios\u201d, comentou. Ele prev\u00ea novos problemas para a classe trabalhadora durante a atual legislatura.<\/span><br style=\"color: #464646;\" \/><br style=\"color: #464646;\" \/><span style=\"color: #464646;\">Vicentinho faz o alerta: \u201cN\u00e3o d\u00e1 para trabalhador ficar votando em patr\u00e3o. Eles t\u00eam os seus interesses, que s\u00e3o antag\u00f4nicos aos dos trabalhadores. N\u00e3o d\u00e1 para o povo pobre ficar votando no povo rico\u201d.<\/span><br style=\"color: #464646;\" \/><br style=\"color: #464646;\" \/><span style=\"color: #464646;\">O deputado lamenta que tenham preterido o projeto de sua autoria sobre o mesmo tema, que foi \u201ccriado a partir das inst\u00e2ncias da CUT, ouvindo a dura realidade dos trabalhadores\u201d e que, segundo ele, \u201cdefendia direitos iguais para o trabalhador terceirizado e n\u00e3o terceirizado\u201d.<\/span><br style=\"color: #464646;\" \/><br style=\"color: #464646;\" \/><span style=\"color: #464646;\">\u201cDe acordo com esse projeto aprovado qualquer empresa pode terceirizar tudo, absolutamente tudo\u201d, ressalta o deputado, que espera que o Senado fa\u00e7a altera\u00e7\u00f5es no texto, principalmente em rela\u00e7\u00e3o \u00e0 restri\u00e7\u00e3o da terceiriza\u00e7\u00e3o para atividades-fim, e sobre a responsabiliza\u00e7\u00e3o solid\u00e1ria das empresas, em que contratada e contratante respondem \u00e0 Justi\u00e7a simultaneamente, em caso de desrespeito aos direitos do trabalhador.<\/span><br style=\"color: #464646;\" \/><br style=\"color: #464646;\" \/><span style=\"color: #464646;\">O deputado diz que essas quest\u00f5es tamb\u00e9m ser\u00e3o votadas, em destaques, na C\u00e2mara, nesta semana. Mas, dado o resultado da vota\u00e7\u00e3o do texto principal, Vicentinho mant\u00e9m poucas esperan\u00e7as de reverter o quadro.<\/span><br style=\"color: #464646;\" \/><br style=\"color: #464646;\" \/><br style=\"color: #464646;\" \/><span style=\"color: #464646;\">Fonte: Rede Brasil Atual<\/span><\/p>\n","protected":false},"excerpt":{"rendered":"<p>Para o deputado federal Vicente Paulo da Silva, o Vicentinho (PT-SP), a aprova\u00e7\u00e3o pela C\u00e2mara dos Deputados, na \u00faltima quarta-feira (8), do texto-base do Projeto de Lei 4330\/2004, que amplia a terceiriza\u00e7\u00e3o, abre caminho para \u201cprecarizar, de vez, os direitos dos trabalhadores no Brasil\u201d.\u00a0Em entrevista a Thelma Torrecilha, da R\u00e1dio Brasil Atual, Vicentinho diz que [&hellip;]<\/p>\n","protected":false},"author":1,"featured_media":0,"comment_status":"","ping_status":"","sticky":false,"template":"","format":"standard","meta":{"footnotes":""},"categories":[3],"tags":[],"class_list":["post-738","post","type-post","status-publish","format-standard","hentry","category-noticias"],"_links":{"self":[{"href":"https:\/\/hostnetart.com.br\/baixada\/wp-json\/wp\/v2\/posts\/738","targetHints":{"allow":["GET"]}}],"collection":[{"href":"https:\/\/hostnetart.com.br\/baixada\/wp-json\/wp\/v2\/posts"}],"about":[{"href":"https:\/\/hostnetart.com.br\/baixada\/wp-json\/wp\/v2\/types\/post"}],"author":[{"embeddable":true,"href":"https:\/\/hostnetart.com.br\/baixada\/wp-json\/wp\/v2\/users\/1"}],"replies":[{"embeddable":true,"href":"https:\/\/hostnetart.com.br\/baixada\/wp-json\/wp\/v2\/comments?post=738"}],"version-history":[{"count":0,"href":"https:\/\/hostnetart.com.br\/baixada\/wp-json\/wp\/v2\/posts\/738\/revisions"}],"wp:attachment":[{"href":"https:\/\/hostnetart.com.br\/baixada\/wp-json\/wp\/v2\/media?parent=738"}],"wp:term":[{"taxonomy":"category","embeddable":true,"href":"https:\/\/hostnetart.com.br\/baixada\/wp-json\/wp\/v2\/categories?post=738"},{"taxonomy":"post_tag","embeddable":true,"href":"https:\/\/hostnetart.com.br\/baixada\/wp-json\/wp\/v2\/tags?post=738"}],"curies":[{"name":"wp","href":"https:\/\/api.w.org\/{rel}","templated":true}]}}